{"id":36651,"date":"2025-08-29T12:17:12","date_gmt":"2025-08-29T16:17:12","guid":{"rendered":"https:\/\/portal.sma.gob.cl\/?p=36651"},"modified":"2025-08-29T12:18:09","modified_gmt":"2025-08-29T16:18:09","slug":"mejora-la-calidad-del-aire-en-la-rm-en-una-decada-disminuye-66-la-exposicion-a-altos-niveles-de-contaminacion-en-invierno","status":"publish","type":"post","link":"https:\/\/portal.sma.gob.cl\/index.php\/mejora-la-calidad-del-aire-en-la-rm-en-una-decada-disminuye-66-la-exposicion-a-altos-niveles-de-contaminacion-en-invierno\/","title":{"rendered":"Mejora la calidad del aire en la RM: en una d\u00e9cada disminuye 66% la exposici\u00f3n a altos niveles de contaminaci\u00f3n en invierno"},"content":{"rendered":"<ul>\n<li><em>El 2025 se transform\u00f3 en el tercer mejor a\u00f1o desde que existe plan de descontaminaci\u00f3n en la capital, impulsado por las medidas estructurales y las acciones de car\u00e1cter preventivo en el periodo GEC.<\/em><\/li>\n<\/ul>\n<p>Este 2025 se posicion\u00f3 como el tercer a\u00f1o con menor cantidad de horas en episodios cr\u00edticos -alertas, preemergencias o emergencias- en la Regi\u00f3n Metropolitana desde que comenz\u00f3 a operar el primer Plan de Prevenci\u00f3n y Descontaminaci\u00f3n Atmosf\u00e9rica (PPDA), que data de 1997, para el periodo de peores condiciones de ventilaci\u00f3n, mostrando una tendencia sostenida a la baja. De hecho, en 10 a\u00f1os las horas en que las personas estuvieron expuestas a niveles altos de contaminaci\u00f3n disminuy\u00f3 en 66%.<\/p>\n<p>As\u00ed lo dio a conocer la ministra del Medio Ambiente, Maisa Rojas, al realizar un balance de la Gesti\u00f3n de Episodios Cr\u00edticos (GEC) -per\u00edodo entre el 1 de mayo y 31 de agosto- y que permite tomar medidas para reducir la contaminaci\u00f3n durante el invierno al declarar alerta, preemergencia o emergencia ambiental. \u201cTenemos muy buenas noticias para los habitantes de la Regi\u00f3n Metropolitana: est\u00e1n respirando un aire m\u00e1s puro. Si consideramos solo el material particulado fino, el m\u00e1s da\u00f1ino para la salud de las personas, este fue el tercer a\u00f1o con menor cantidad de horas en episodios cr\u00edticos. En simple, hubo menos tiempo en que nos enfrentamos a mayores niveles de contaminaci\u00f3n en la RM, solo superado por el 2020 \u2013en plena pandemia- y el 2023\u201d, explic\u00f3.<\/p>\n<p>En el 2025 se registraron 314 horas en episodios por material particulado 2,5 (MP2,5), repartidas en 290 horas en alerta y solo 24 horas en preemergencia. En este periodo de mala ventilaci\u00f3n en la Regi\u00f3n Metropolitana se registraron 23 episodios cr\u00edticos. En espec\u00edfico, fueron 3 preemergencias y 20 alertas ambientales.<\/p>\n<p>La ministra Rojas destac\u00f3 que \u201clas medidas estructurales del plan, junto con las acciones de car\u00e1cter preventivo en el periodo GEC, han permitido una disminuci\u00f3n sostenida de las horas expuestos a mala calidad del aire. De hecho, si comparamos el 2015 \u2013en el que se registraron 915 horas en episodio cr\u00edtico por MP2,5- con el 2025 se evidencia una disminuci\u00f3n del 66% de la contaminaci\u00f3n por material particulado fino\u201d.<\/p>\n<p>En tanto, el Delegado Presidencial de la Regi\u00f3n Metropolitana, <strong>Gonzalo Dur\u00e1n<\/strong>, expres\u00f3: \u201choy cerramos la Gesti\u00f3n de Episodios Cr\u00edticos en la Regi\u00f3n Metropolitana y, gracias al trabajo de fiscalizaci\u00f3n de los distintos servicios p\u00fablicos, sumado a la mayor conciencia de la ciudadan\u00eda, este invierno fue el tercero con menos contaminaci\u00f3n del aire en nuestra historia. Valoramos enormemente la labor de los equipos en terreno y hacemos un llamado a mantener estas conductas responsables m\u00e1s all\u00e1 de la temporada, porque cuidar el aire de nuestra ciudad es cuidar nuestra calidad de vida\u201d.<\/p>\n<p>En la actividad de cierre GEC, realizada en el Jard\u00edn Japon\u00e9s de Parquemet, participaron tambi\u00e9n, el Subsecretario de Transportes, <strong>Jorge Daza<\/strong>, los Seremis de Medio Ambiente, <strong>Sonia Reyes<\/strong>, de Salud, <strong>Gonzalo Soto<\/strong>, y de Agricultura, <strong>Monserrat Candia<\/strong>, adem\u00e1s del jefe de Calidad del Aire y Emisiones de la Superintendencia del Medio Ambiente, <strong>Juan Pablo Rodr\u00edguez.<\/strong><\/p>\n<p><strong>Fiscalizaci\u00f3n <\/strong><strong>GEC <\/strong><strong>2025<\/strong><\/p>\n<p>Sobre las fiscalizaciones al sector industrial, la Superintendenta del Medio Ambiente, <strong>Marie Claude Plumer<\/strong>, indic\u00f3 que \u201cla Superintendencia del Medio Ambiente ha verificado que el 98% de los grandes establecimientos cumpli\u00f3 con su meta de material particulado establecida para el a\u00f1o 2024 y que es verificado durante este periodo, lo que corresponde a 58 grandes establecimientos industriales&#8221;.<\/p>\n<p>Adem\u00e1s, agreg\u00f3 que &#8220;respecto a este compromiso que establece el plan de descontaminaci\u00f3n vigente para la Regi\u00f3n Metropolitana, es importante destacar que solo un establecimiento no logr\u00f3 acreditar la reducci\u00f3n de emisiones de material particulado del 30% de su emisi\u00f3n m\u00e1sica anual asignada, debido a que super\u00f3 la meta de emisiones de material particulado establecida. Lo anterior, nos permite evidenciar un buen comportamiento en general por parte de los titulares sujetos a este instrumento de gesti\u00f3n ambiental\u201d.<\/p>\n<p>En cuanto a la fiscalizaci\u00f3n por restricci\u00f3n vehicular, esta se realiza mayoritariamente a trav\u00e9s de sistemas automatizados, que representan un 99,8% del control, con m\u00e1s de 180 Puntos de Monitoreo de C\u00e1maras (PMC) distribuidos en la capital. No obstante, durante los operativos viales tambi\u00e9n se efect\u00faan controles presenciales.<\/p>\n<p>En comparaci\u00f3n con 2024, este a\u00f1o se ha observado una mejora en el cumplimiento de la medida: las infracciones han ca\u00eddo cerca de un 23% en los casi cuatro meses de aplicaci\u00f3n. Mientras que el a\u00f1o pasado se cursaban alrededor de 1.900 infracciones diarias, este a\u00f1o la cifra bordea las 1.600 infracciones diarias. Este descenso se registra pese a que hace algunos meses entraron en funcionamiento 50 PMC adicionales, totalizando 187 puntos de control.<\/p>\n<p>\u201cCon el t\u00e9rmino del plan GEC, reafirmamos nuestro compromiso con la salud de las personas y la calidad del aire de la capital. Gracias a esta medida, m\u00e1s de 312 mil veh\u00edculos salieron de circulaci\u00f3n entre mayo y agosto, y las multas por restricci\u00f3n vehicular disminuyeron en un 23% respecto del a\u00f1o pasado. Este esfuerzo no busca sancionar, sino impulsar cambios de h\u00e1bitos para construir una ciudad m\u00e1s limpia y sostenible. Invitamos a seguir prefiriendo el transporte p\u00fablico, la bicicleta y caminar, porque cada decisi\u00f3n cuenta para una mejor calidad de vida\u201d, indic\u00f3 subsecretario de Transportes, <strong>Jorge Daza<\/strong>.<\/p>\n<p>Sobre los operativos de fiscalizaciones por el uso de calefactores a le\u00f1a, la Seremi de Salud RM realiz\u00f3 970 fiscalizaciones a hogares en la RM, con un incremento de un 17% respecto del a\u00f1o anterior. De estos operativos, 36 resultaron en multas por incumplimiento de la prohibici\u00f3n de uso de calefactores a le\u00f1a, es decir, un 88% menos que el 2024.<\/p>\n<p>\u201cSi bien tuvimos un aumento en estas fiscalizaciones, registramos una disminuci\u00f3n de los sumarios y de las infracciones sanitarias asociadas a este \u00edtem. Esto demuestra que la ciudadan\u00eda est\u00e1 tomando mayor conciencia respecto al no uso de calefactores a le\u00f1a durante la Gesti\u00f3n de Episodios Cr\u00edticos. Es una muy buena noticia, que refleja el esfuerzo intersectorial por mejorar la calidad del aire, la calidad de vida de las personas y, por supuesto, la salud p\u00fablica\u201d, expres\u00f3 el Seremi de Salud, <strong>Gonzalo Soto<\/strong>.<\/p>\n<p>Por otra parte, respecto de las quemas Agr\u00edcolas, este a\u00f1o bajaron a 64 quemas ilegales con la afectaci\u00f3n a 0,64 hect\u00e1reas, gracias a las m\u00e1s de 200 rutas de patrullaje y actividades de CONAF y SAG. \u201cEste a\u00f1o, hemos logrado una reducci\u00f3n del 23,8% en el n\u00famero de quemas y una baja del 77,6% en la superficie afectada. Esto demuestra que las medidas de prevenci\u00f3n, educaci\u00f3n y patrullaje est\u00e1n dando frutos y estamos avanzando hacia una agricultura m\u00e1s segura y sustentable\u201d, expres\u00f3 la Seremi de Agricultura <strong>Monserrat Candia<\/strong>. A lo que agreg\u00f3: \u201cEl llamado es claro: el uso del fuego debe hacerse con responsabilidad y dentro del marco legal. Cuidar nuestros suelos, la biodiversidad y a nuestra gente es tarea de todos&#8221;.<\/p>\n","protected":false},"excerpt":{"rendered":"<p>El 2025 se transform\u00f3 en el tercer mejor a\u00f1o desde que existe plan de descontaminaci\u00f3n en la capital, impulsado por las medidas estructurales y las acciones de car\u00e1cter preventivo en el periodo GEC. Este 2025 se posicion\u00f3 como el tercer a\u00f1o con menor cantidad de horas en episodios cr\u00edticos -alertas, preemergencias o emergencias- en la Regi\u00f3n <a href=\"https:\/\/portal.sma.gob.cl\/index.php\/mejora-la-calidad-del-aire-en-la-rm-en-una-decada-disminuye-66-la-exposicion-a-altos-niveles-de-contaminacion-en-invierno\/\">Leer m\u00e1s<\/a><\/p>\n","protected":false},"author":13,"featured_media":36652,"comment_status":"open","ping_status":"open","sticky":false,"template":"","format":"standard","meta":{"footnotes":""},"categories":[90,107,225],"tags":[],"class_list":["post-36651","post","type-post","status-publish","format-standard","has-post-thumbnail","hentry","category-comunicados-noticias","category-destacado","category-macrozona-centro"],"_links":{"self":[{"href":"https:\/\/portal.sma.gob.cl\/index.php\/wp-json\/wp\/v2\/posts\/36651","targetHints":{"allow":["GET"]}}],"collection":[{"href":"https:\/\/portal.sma.gob.cl\/index.php\/wp-json\/wp\/v2\/posts"}],"about":[{"href":"https:\/\/portal.sma.gob.cl\/index.php\/wp-json\/wp\/v2\/types\/post"}],"author":[{"embeddable":true,"href":"https:\/\/portal.sma.gob.cl\/index.php\/wp-json\/wp\/v2\/users\/13"}],"replies":[{"embeddable":true,"href":"https:\/\/portal.sma.gob.cl\/index.php\/wp-json\/wp\/v2\/comments?post=36651"}],"version-history":[{"count":2,"href":"https:\/\/portal.sma.gob.cl\/index.php\/wp-json\/wp\/v2\/posts\/36651\/revisions"}],"predecessor-version":[{"id":36654,"href":"https:\/\/portal.sma.gob.cl\/index.php\/wp-json\/wp\/v2\/posts\/36651\/revisions\/36654"}],"wp:featuredmedia":[{"embeddable":true,"href":"https:\/\/portal.sma.gob.cl\/index.php\/wp-json\/wp\/v2\/media\/36652"}],"wp:attachment":[{"href":"https:\/\/portal.sma.gob.cl\/index.php\/wp-json\/wp\/v2\/media?parent=36651"}],"wp:term":[{"taxonomy":"category","embeddable":true,"href":"https:\/\/portal.sma.gob.cl\/index.php\/wp-json\/wp\/v2\/categories?post=36651"},{"taxonomy":"post_tag","embeddable":true,"href":"https:\/\/portal.sma.gob.cl\/index.php\/wp-json\/wp\/v2\/tags?post=36651"}],"curies":[{"name":"wp","href":"https:\/\/api.w.org\/{rel}","templated":true}]}}