{"id":36680,"date":"2025-09-08T11:59:43","date_gmt":"2025-09-08T14:59:43","guid":{"rendered":"https:\/\/portal.sma.gob.cl\/?p=36680"},"modified":"2025-09-08T12:03:38","modified_gmt":"2025-09-08T15:03:38","slug":"sma-expuso-en-encuentro-de-areas-de-fiscalizacion-del-estado-organizado-por-servel","status":"publish","type":"post","link":"https:\/\/portal.sma.gob.cl\/index.php\/sma-expuso-en-encuentro-de-areas-de-fiscalizacion-del-estado-organizado-por-servel\/","title":{"rendered":"SMA expuso en encuentro de \u00e1reas de fiscalizaci\u00f3n del Estado organizado por el Servel"},"content":{"rendered":"<ul>\n<li><strong>La presentaci\u00f3n estuvo a cargo de la Jefa de Fiscalizaci\u00f3n de la Superintendencia, Claudia Pastore, quien dio a conocer el trabajo que realiza el Servicio para el monitoreo de la calidad del aire y el uso de herramientas tecnol\u00f3gicas. <\/strong><\/li>\n<\/ul>\n<p>La Superintendencia del Medio Ambiente (SMA) fue parte del Segundo Encuentro de \u00c1reas de Fiscalizaci\u00f3n del Estado organizado por el Servicio Electoral (Servel), que tuvo como objetivo reunir a distintas entidades p\u00fablicas que tienen competencias de fiscalizaci\u00f3n, a fin de fortalecer la cooperaci\u00f3n entre instituciones, adem\u00e1s de compartir experiencias y desaf\u00edos en esta materia.<\/p>\n<p>En la actividad -encabezada por el Director del Servel, Ra\u00fal Garc\u00eda- particip\u00f3 la Jefa de Fiscalizaci\u00f3n de la SMA, Claudia Pastore, quien dio a conocer cu\u00e1l es la misi\u00f3n de la Superintendencia, sus competencias y \u00e1reas de gesti\u00f3n, as\u00ed como tambi\u00e9n presentar el trabajo que se realiza para la fiscalizaci\u00f3n de las normas asociadas al componente atmosf\u00e9rico del pa\u00eds.<\/p>\n<p>En este sentido, expuso acerca de la estrategia de fiscalizaci\u00f3n del componente atmosf\u00e9rico, asociada al Sistema de Seguimiento Atmosf\u00e9rico (SISAT) de la SMA y las mejoras que se han realizado para facilitar el conocimiento de las obligaciones de los regulados y el acceso a informaci\u00f3n sobre emisiones atmosf\u00e9ricas. Cabe indicar que este sistema es la plataforma oficial para el reporte y la evaluaci\u00f3n de cumplimiento de los l\u00edmites de emisiones asociados a Normas de Emisi\u00f3n, Planes de Descontaminaci\u00f3n e Impuesto Verde.<\/p>\n<p>\u201cEste tipo de encuentros nos permiten mejorar la coordinaci\u00f3n y el conocimiento respecto de las distintas \u00e1reas de fiscalizaci\u00f3n que tiene el Estado. Se trata de una actividad muy provechosa para revisar y aprender de las experiencias de otras instituciones\u201d, se\u00f1al\u00f3 Pastore.<\/p>\n<p><strong>Encuentro <\/strong><\/p>\n<p>El espacio -donde participaron 19 servicios p\u00fablicos- permiti\u00f3 el intercambio de experiencias en el uso de informaci\u00f3n para apoyar la fiscalizaci\u00f3n, promover el uso de herramientas e innovaci\u00f3n para el control y transparencia, analizar el uso de la inteligencia artificial, revisar experiencias de fiscalizaciones conjuntas e intercambio de informaci\u00f3n, abordar mecanismos de tratamiento de denuncias ciudadanas, y promover acciones preventivas que fomenten la cultura del cumplimiento, entre otras materias.<\/p>\n<p>El\u00a0Director de Servel, Ra\u00fal Garc\u00eda, destac\u00f3 que la fiscalizaci\u00f3n es una funci\u00f3n compleja, muchas veces incomprendida por la ciudadan\u00eda, pero esencial para resguardar la integridad y el respeto a las normas. Subray\u00f3 que instancias de coordinaci\u00f3n como este encuentro permiten no solo cumplir mejor con las labores fiscalizadoras, sino tambi\u00e9n fortalecer el rol educativo y formativo de estas, estimulando a las instituciones y a la ciudadan\u00eda a actuar con mayor apego a la probidad y la transparencia.<\/p>\n<p>Adem\u00e1s de la SMA y del Servel, en la actividad participaron las Superintendencias de Casinos y Juegos, de Insolvencia y Reemprendimiento, de Seguridad Social, de Educaci\u00f3n, de Educaci\u00f3n Superior, el Servicio de Impuestos Internos, Servicio Nacional de Aduanas, Tesorer\u00eda General de la Rep\u00fablica, Servicio Nacional del Consumidor, Servicio Agr\u00edcola y Ganadero, Contralor\u00eda General de la Rep\u00fablica, Servicio Nacional de Pesca, Subsecretar\u00eda de Comunicaciones, Ministerio de Justicia y Derechos Humanos, Comisi\u00f3n de Mercado Financiero, ChileCompras y Tribunal Electoral.<\/p>\n","protected":false},"excerpt":{"rendered":"<p>La presentaci\u00f3n estuvo a cargo de la Jefa de Fiscalizaci\u00f3n de la Superintendencia, Claudia Pastore, quien dio a conocer el trabajo que realiza el Servicio para el monitoreo de la calidad del aire y el uso de herramientas tecnol\u00f3gicas. La Superintendencia del Medio Ambiente (SMA) fue parte del Segundo Encuentro de \u00c1reas de Fiscalizaci\u00f3n del Estado <a href=\"https:\/\/portal.sma.gob.cl\/index.php\/sma-expuso-en-encuentro-de-areas-de-fiscalizacion-del-estado-organizado-por-servel\/\">Leer m\u00e1s<\/a><\/p>\n","protected":false},"author":13,"featured_media":36681,"comment_status":"open","ping_status":"open","sticky":false,"template":"","format":"standard","meta":{"footnotes":""},"categories":[90,225],"tags":[],"class_list":["post-36680","post","type-post","status-publish","format-standard","has-post-thumbnail","hentry","category-comunicados-noticias","category-macrozona-centro"],"_links":{"self":[{"href":"https:\/\/portal.sma.gob.cl\/index.php\/wp-json\/wp\/v2\/posts\/36680","targetHints":{"allow":["GET"]}}],"collection":[{"href":"https:\/\/portal.sma.gob.cl\/index.php\/wp-json\/wp\/v2\/posts"}],"about":[{"href":"https:\/\/portal.sma.gob.cl\/index.php\/wp-json\/wp\/v2\/types\/post"}],"author":[{"embeddable":true,"href":"https:\/\/portal.sma.gob.cl\/index.php\/wp-json\/wp\/v2\/users\/13"}],"replies":[{"embeddable":true,"href":"https:\/\/portal.sma.gob.cl\/index.php\/wp-json\/wp\/v2\/comments?post=36680"}],"version-history":[{"count":3,"href":"https:\/\/portal.sma.gob.cl\/index.php\/wp-json\/wp\/v2\/posts\/36680\/revisions"}],"predecessor-version":[{"id":36685,"href":"https:\/\/portal.sma.gob.cl\/index.php\/wp-json\/wp\/v2\/posts\/36680\/revisions\/36685"}],"wp:featuredmedia":[{"embeddable":true,"href":"https:\/\/portal.sma.gob.cl\/index.php\/wp-json\/wp\/v2\/media\/36681"}],"wp:attachment":[{"href":"https:\/\/portal.sma.gob.cl\/index.php\/wp-json\/wp\/v2\/media?parent=36680"}],"wp:term":[{"taxonomy":"category","embeddable":true,"href":"https:\/\/portal.sma.gob.cl\/index.php\/wp-json\/wp\/v2\/categories?post=36680"},{"taxonomy":"post_tag","embeddable":true,"href":"https:\/\/portal.sma.gob.cl\/index.php\/wp-json\/wp\/v2\/tags?post=36680"}],"curies":[{"name":"wp","href":"https:\/\/api.w.org\/{rel}","templated":true}]}}