{"id":36686,"date":"2025-09-24T09:07:02","date_gmt":"2025-09-24T12:07:02","guid":{"rendered":"https:\/\/portal.sma.gob.cl\/?p=36686"},"modified":"2025-09-24T09:38:13","modified_gmt":"2025-09-24T12:38:13","slug":"biobio-sma-formula-cargos-contra-central-eolica-la-esperanza-por-incumplimientos-ambientales-que-afectarian-a-la-avifauna","status":"publish","type":"post","link":"https:\/\/portal.sma.gob.cl\/index.php\/biobio-sma-formula-cargos-contra-central-eolica-la-esperanza-por-incumplimientos-ambientales-que-afectarian-a-la-avifauna\/","title":{"rendered":"Biob\u00edo: SMA formula cargos contra Central E\u00f3lica La Esperanza por incumplimientos ambientales que afectar\u00edan a la avifauna"},"content":{"rendered":"<ul>\n<li><strong>Seg\u00fan la Resoluci\u00f3n de Calificaci\u00f3n Ambiental del proyecto, el titular deb\u00eda implementar ciertas medidas para mitigar los impactos sobre la avifauna de la zona. Sin embargo, durante las inspecciones ambientales se constat\u00f3 el incumplimiento de parte de las medidas de mitigaci\u00f3n. <\/strong><\/li>\n<\/ul>\n<p>La Superintendencia del Medio Ambiente (SMA) formul\u00f3 un cargo leve contra la empresa E\u00f3lica La Esperanza S.A., titular del proyecto Central E\u00f3lica La Esperanza, ubicado en la comuna de Negrete, provincia de Biob\u00edo, por incumplimientos a las medidas\u00a0 comprometidas en su Resoluci\u00f3n de Calificaci\u00f3n Ambiental (RCA), espec\u00edficamente aquellas destinadas a proteger la avifauna local.<\/p>\n<p>El proyecto, aprobado en 2015, considera la construcci\u00f3n y operaci\u00f3n de un parque e\u00f3lico compuesto por cinco aerogeneradores, adem\u00e1s de una l\u00ednea de media tensi\u00f3n para su conexi\u00f3n a la Subestaci\u00f3n El\u00e9ctrica Negrete.<\/p>\n<p>Seg\u00fan su Resoluci\u00f3n de Calificaci\u00f3n Ambiental, la empresa deb\u00eda implementar una serie de medidas para evitar colisiones, electrocuciones o el perchado de aves en las instalaciones el\u00e9ctricas del proyecto. Entre estas se contemplaba la instalaci\u00f3n de elementos disuasivos en postes y cables, sistemas antiperchamiento y espirales salvap\u00e1jaros de PVC para marcar el tendido el\u00e9ctrico.<\/p>\n<p>No obstante, durante fiscalizaciones realizadas por la SMA en conjunto con el Servicio Agr\u00edcola y Ganadero (SAG) en 2022, se verific\u00f3 que los postes de transmisi\u00f3n el\u00e9ctrica no contaban con sistemas de antiperchamiento, ni tampoco espirales salvap\u00e1jaros de PVC para marcar el cableado el\u00e9ctrico.<\/p>\n<p>Posteriormente, en una nueva inspecci\u00f3n llevada a cabo en abril de 2025 junto a la Corporaci\u00f3n Nacional Forestal (Conaf), se constat\u00f3 que la situaci\u00f3n persist\u00eda y que no se hab\u00eda implementado en ninguna postaci\u00f3n o secci\u00f3n lineal del tendido el\u00e9ctrico medidas anticolisi\u00f3n de aves conforme a lo establecido en su Resoluci\u00f3n de Calificaci\u00f3n Ambiental.<\/p>\n<p>El jefe de la Oficina Regional de la SMA en Biob\u00edo, Juan Pablo Granzow, afirm\u00f3 que &#8220;los proyectos energ\u00e9ticos, como en este caso el Parque E\u00f3lico La Esperanza, pueden tener impactos significativos sobre la biodiversidad. Por ello, es fundamental que los titulares cumplan con las exigencias establecidas en sus permisos ambientales, para evitar afectaciones a los ecosistemas locales&#8221;.<\/p>\n<p>Cabe recordar que, conforme a lo dispuesto en la letra c) del art\u00edculo 39 de la Ley Org\u00e1nica de la SMA (LOSMA), las infracciones leves pueden ser sancionadas con amonestaci\u00f3n por escrito o con multas de hasta mil unidades tributarias anuales.<\/p>\n<p>El titular cuenta con un plazo de 15 d\u00edas h\u00e1biles para presentar un Programa de Cumplimiento y de 22 d\u00edas h\u00e1biles para formular sus descargos.<\/p>\n<p>M\u00e1s informaci\u00f3n sobre esta formulaci\u00f3n de cargos en el portal del Servicio Nacional de Informaci\u00f3n de Fiscalizaci\u00f3n Ambiental (SNIFA): <a href=\"https:\/\/snifa.sma.gob.cl\/Sancionatorio\/Ficha\/4249\">https:\/\/snifa.sma.gob.cl\/Sancionatorio\/Ficha\/4249<\/a><\/p>\n","protected":false},"excerpt":{"rendered":"<p>Seg\u00fan la Resoluci\u00f3n de Calificaci\u00f3n Ambiental del proyecto, el titular deb\u00eda implementar ciertas medidas para mitigar los impactos sobre la avifauna de la zona. Sin embargo, durante las inspecciones ambientales se constat\u00f3 el incumplimiento de parte de las medidas de mitigaci\u00f3n. La Superintendencia del Medio Ambiente (SMA) formul\u00f3 un cargo leve contra la empresa E\u00f3lica La <a href=\"https:\/\/portal.sma.gob.cl\/index.php\/biobio-sma-formula-cargos-contra-central-eolica-la-esperanza-por-incumplimientos-ambientales-que-afectarian-a-la-avifauna\/\">Leer m\u00e1s<\/a><\/p>\n","protected":false},"author":19,"featured_media":36687,"comment_status":"open","ping_status":"open","sticky":false,"template":"","format":"standard","meta":{"footnotes":""},"categories":[90,107,226,94],"tags":[],"class_list":["post-36686","post","type-post","status-publish","format-standard","has-post-thumbnail","hentry","category-comunicados-noticias","category-destacado","category-macrozona-sur","category-notas-noticias"],"_links":{"self":[{"href":"https:\/\/portal.sma.gob.cl\/index.php\/wp-json\/wp\/v2\/posts\/36686","targetHints":{"allow":["GET"]}}],"collection":[{"href":"https:\/\/portal.sma.gob.cl\/index.php\/wp-json\/wp\/v2\/posts"}],"about":[{"href":"https:\/\/portal.sma.gob.cl\/index.php\/wp-json\/wp\/v2\/types\/post"}],"author":[{"embeddable":true,"href":"https:\/\/portal.sma.gob.cl\/index.php\/wp-json\/wp\/v2\/users\/19"}],"replies":[{"embeddable":true,"href":"https:\/\/portal.sma.gob.cl\/index.php\/wp-json\/wp\/v2\/comments?post=36686"}],"version-history":[{"count":3,"href":"https:\/\/portal.sma.gob.cl\/index.php\/wp-json\/wp\/v2\/posts\/36686\/revisions"}],"predecessor-version":[{"id":36721,"href":"https:\/\/portal.sma.gob.cl\/index.php\/wp-json\/wp\/v2\/posts\/36686\/revisions\/36721"}],"wp:featuredmedia":[{"embeddable":true,"href":"https:\/\/portal.sma.gob.cl\/index.php\/wp-json\/wp\/v2\/media\/36687"}],"wp:attachment":[{"href":"https:\/\/portal.sma.gob.cl\/index.php\/wp-json\/wp\/v2\/media?parent=36686"}],"wp:term":[{"taxonomy":"category","embeddable":true,"href":"https:\/\/portal.sma.gob.cl\/index.php\/wp-json\/wp\/v2\/categories?post=36686"},{"taxonomy":"post_tag","embeddable":true,"href":"https:\/\/portal.sma.gob.cl\/index.php\/wp-json\/wp\/v2\/tags?post=36686"}],"curies":[{"name":"wp","href":"https:\/\/api.w.org\/{rel}","templated":true}]}}