{"id":36696,"date":"2025-09-16T15:38:29","date_gmt":"2025-09-16T18:38:29","guid":{"rendered":"https:\/\/portal.sma.gob.cl\/?p=36696"},"modified":"2025-09-16T15:38:29","modified_gmt":"2025-09-16T18:38:29","slug":"sma-inicia-procedimiento-para-determinar-si-proyecto-galpon-salar-huasco-debe-someterse-a-evaluacion-ambiental-se-encuentra-en-area-protegida","status":"publish","type":"post","link":"https:\/\/portal.sma.gob.cl\/index.php\/sma-inicia-procedimiento-para-determinar-si-proyecto-galpon-salar-huasco-debe-someterse-a-evaluacion-ambiental-se-encuentra-en-area-protegida\/","title":{"rendered":"SMA inicia procedimiento para determinar si proyecto Galp\u00f3n Salar Huasco debe someterse a evaluaci\u00f3n ambiental: se encuentra en \u00e1rea protegida"},"content":{"rendered":"<ul>\n<li><strong>El proyecto, que contempla una infraestructura ganadera, se encuentra ubicado dentro de los l\u00edmites del Parque Nacional Salar de Huasco, en la Regi\u00f3n de Tarapac\u00e1. La investigaci\u00f3n de la Superintendencia comenz\u00f3 luego de recibir antecedentes por parte de Conaf, dando paso a una inspecci\u00f3n ambiental. <\/strong><\/li>\n<\/ul>\n<p>La Superintendencia del Medio Ambiente (SMA) inici\u00f3 un procedimiento de requerimiento de ingreso al Sistema de Evaluaci\u00f3n de Impacto Ambiental (SEIA) al proyecto Galp\u00f3n Salar Huasco, ubicado en el sector Huasco Lipez, al interior del Parque Nacional Salar de Huasco, Regi\u00f3n de Tarapac\u00e1. Es importante se\u00f1alar que este procedimiento pretende recabar antecedentes que permitan a la Superintendencia determinar si corresponde o no exigir al proyecto el ingreso a evaluaci\u00f3n ambiental.<\/p>\n<p>La investigaci\u00f3n de la SMA se inici\u00f3 luego de recibir antecedentes proporcionados por CONAF en febrero de 2025, lo que dio paso a que, durante el mismo mes, fiscalizadores de la Superintendencia en la regi\u00f3n realizaran una inspecci\u00f3n ambiental en terreno a las dependencias del proyecto. Junto con esto, se solicit\u00f3 informaci\u00f3n tanto al Servicio Agr\u00edcola y Ganadero (SAG) y a la Direcci\u00f3n General de Aguas (DGA), como al titular del proyecto.<\/p>\n<p>Tras analizar los antecedentes disponibles, se pudo constatar que el proyecto -que se encuentra actualmente construido y considera obras de car\u00e1cter permanente- consiste en una infraestructura ganadera que integra tres corrales diferenciados -de 10&#215;12 metros cada uno- destinados a la crianza de ovinos y cam\u00e9lidos, adem\u00e1s de un espacio reservado para labores de manejo ganadero.<\/p>\n<p>En relaci\u00f3n a la ubicaci\u00f3n del proyecto, se verific\u00f3 que \u00e9ste se encuentra emplazado al interior del Parque Nacional Salar de Huasco, encontr\u00e1ndose fuera de los l\u00edmites de propiedades particulares pertenecientes a la Asociaci\u00f3n Ind\u00edgena Aymara Laguna del Huasco, de la cual forma parte el titular. Esta \u00e1rea protegida del Estado cuenta con especies de flora y fauna silvestre relevantes, entre ellas unidades de paisaje sin intervenci\u00f3n antr\u00f3pica y dos especies de flora en categor\u00eda \u201cVulnerable\u201d (Llareta y Que\u00f1oa de altura).<\/p>\n<p>Es importante agregar que la construcci\u00f3n del proyecto se inici\u00f3 en enero de 2025, es decir, posterior a la declaraci\u00f3n de este Parque Nacional, el cual fue creado en marzo de 2023.<\/p>\n<p>La jefa regional de la SMA en Tarapac\u00e1, Valeska Mu\u00f1oz, se\u00f1al\u00f3 que \u201cla ejecuci\u00f3n de este proyecto constituye en s\u00ed mismo una alteraci\u00f3n del entorno natural del lugar, al introducir elementos ajenos al paisaje y a los ecosistemas altoandinos que esta \u00e1rea protegida busca preservar. De hecho, en la actividad de fiscalizaci\u00f3n se pudo observar el uso de betonera y generador sin carpeta de protecci\u00f3n para el suelo, adem\u00e1s de un manejo inadecuado de los residuos, principalmente sacos de cemento\u201d.<\/p>\n<p>Cabe a\u00f1adir que, seg\u00fan lo constatado por la SMA, el proyecto no cuenta con ning\u00fan permiso sectorial para la ejecuci\u00f3n de su operaci\u00f3n ganadera.<\/p>\n<p>Tras el inicio de este procedimiento y de su respectiva notificaci\u00f3n, el titular -Juvenal Esteban Moscoso- cuenta con un plazo de 15 d\u00edas h\u00e1biles para hacer valer sus observaciones, alegaciones o pruebas, frente a la hip\u00f3tesis de elusi\u00f3n del SEIA.<\/p>\n<p>M\u00e1s informaci\u00f3n de este requerimiento de ingreso al SEIA en el Sistema Nacional de Informaci\u00f3n de Fiscalizaci\u00f3n Ambiental (SNIFA): <a href=\"https:\/\/snifa.sma.gob.cl\/RequerimientoIngreso\/Ficha\/239\">https:\/\/snifa.sma.gob.cl\/RequerimientoIngreso\/Ficha\/239<\/a><\/p>\n","protected":false},"excerpt":{"rendered":"<p>El proyecto, que contempla una infraestructura ganadera, se encuentra ubicado dentro de los l\u00edmites del Parque Nacional Salar de Huasco, en la Regi\u00f3n de Tarapac\u00e1. La investigaci\u00f3n de la Superintendencia comenz\u00f3 luego de recibir antecedentes por parte de Conaf, dando paso a una inspecci\u00f3n ambiental. La Superintendencia del Medio Ambiente (SMA) inici\u00f3 un procedimiento de requerimiento <a href=\"https:\/\/portal.sma.gob.cl\/index.php\/sma-inicia-procedimiento-para-determinar-si-proyecto-galpon-salar-huasco-debe-someterse-a-evaluacion-ambiental-se-encuentra-en-area-protegida\/\">Leer m\u00e1s<\/a><\/p>\n","protected":false},"author":13,"featured_media":36697,"comment_status":"open","ping_status":"open","sticky":false,"template":"","format":"standard","meta":{"footnotes":""},"categories":[90,107,224],"tags":[],"class_list":["post-36696","post","type-post","status-publish","format-standard","has-post-thumbnail","hentry","category-comunicados-noticias","category-destacado","category-macrozona-norte"],"_links":{"self":[{"href":"https:\/\/portal.sma.gob.cl\/index.php\/wp-json\/wp\/v2\/posts\/36696","targetHints":{"allow":["GET"]}}],"collection":[{"href":"https:\/\/portal.sma.gob.cl\/index.php\/wp-json\/wp\/v2\/posts"}],"about":[{"href":"https:\/\/portal.sma.gob.cl\/index.php\/wp-json\/wp\/v2\/types\/post"}],"author":[{"embeddable":true,"href":"https:\/\/portal.sma.gob.cl\/index.php\/wp-json\/wp\/v2\/users\/13"}],"replies":[{"embeddable":true,"href":"https:\/\/portal.sma.gob.cl\/index.php\/wp-json\/wp\/v2\/comments?post=36696"}],"version-history":[{"count":3,"href":"https:\/\/portal.sma.gob.cl\/index.php\/wp-json\/wp\/v2\/posts\/36696\/revisions"}],"predecessor-version":[{"id":36703,"href":"https:\/\/portal.sma.gob.cl\/index.php\/wp-json\/wp\/v2\/posts\/36696\/revisions\/36703"}],"wp:featuredmedia":[{"embeddable":true,"href":"https:\/\/portal.sma.gob.cl\/index.php\/wp-json\/wp\/v2\/media\/36697"}],"wp:attachment":[{"href":"https:\/\/portal.sma.gob.cl\/index.php\/wp-json\/wp\/v2\/media?parent=36696"}],"wp:term":[{"taxonomy":"category","embeddable":true,"href":"https:\/\/portal.sma.gob.cl\/index.php\/wp-json\/wp\/v2\/categories?post=36696"},{"taxonomy":"post_tag","embeddable":true,"href":"https:\/\/portal.sma.gob.cl\/index.php\/wp-json\/wp\/v2\/tags?post=36696"}],"curies":[{"name":"wp","href":"https:\/\/api.w.org\/{rel}","templated":true}]}}