{"id":36700,"date":"2025-09-17T10:47:35","date_gmt":"2025-09-17T13:47:35","guid":{"rendered":"https:\/\/portal.sma.gob.cl\/?p=36700"},"modified":"2025-09-17T10:47:35","modified_gmt":"2025-09-17T13:47:35","slug":"segundo-tribunal-ambiental-confirma-resolucion-de-la-sma-por-caducidad-de-proyecto-eolico-ecopower-en-chiloe","status":"publish","type":"post","link":"https:\/\/portal.sma.gob.cl\/index.php\/segundo-tribunal-ambiental-confirma-resolucion-de-la-sma-por-caducidad-de-proyecto-eolico-ecopower-en-chiloe\/","title":{"rendered":"Segundo tribunal ambiental confirma resoluci\u00f3n de la SMA por caducidad de proyecto e\u00f3lico Ecopower en Chilo\u00e9"},"content":{"rendered":"<p><span data-contrast=\"auto\">El Segundo Tribunal Ambiental resolvi\u00f3 rechazar la reclamaci\u00f3n presentada por la empresa Eco<\/span><span data-contrast=\"auto\">p<\/span><span data-contrast=\"auto\">ower, confirmando con esto la decisi\u00f3n de la Superintendencia del Medio Ambiente (SMA) de <\/span><span data-contrast=\"auto\">invalidar <\/span><span data-contrast=\"auto\">la resoluci\u00f3n que acreditaba el inicio de ejecuci\u00f3n de<\/span><span data-contrast=\"auto\"> la resoluci\u00f3n de calificaci\u00f3n ambiental (RCA) con la que contaba el proyecto <\/span><span data-contrast=\"auto\">Parque E<\/span><span data-contrast=\"auto\">\u00f3lico <\/span><span data-contrast=\"auto\">Chilo\u00e9<\/span><span data-contrast=\"auto\">.<\/span><\/p>\n<p><span data-contrast=\"auto\">Cabe hacer presente que en <\/span><span data-contrast=\"auto\">2023<\/span><span data-contrast=\"auto\"> la SMA invalid\u00f3\u202fla resoluci\u00f3n que inicialmente tuvo por acreditada la ejecuci\u00f3n del proyecto, debido a que el titular hab\u00eda presentado fotos adulteradas de una instalaci\u00f3n de faenas<\/span> <span data-contrast=\"auto\">y requiri\u00f3 <\/span><span data-contrast=\"none\">al SEA que declare la caducidad de la RCA<\/span><span data-contrast=\"auto\">.\u202f<\/span><span data-ccp-props=\"{&quot;335551550&quot;:6,&quot;335551620&quot;:6}\">\u00a0<\/span><\/p>\n<p><span data-contrast=\"auto\">Esta determinaci\u00f3n fue reclamada por la empresa ante el Tercer Tribunal Ambiental, que acogi\u00f3 el recurso<\/span><span data-contrast=\"auto\"> por motivos formales<\/span><span data-contrast=\"auto\">. Sin embargo, la Superintendencia present\u00f3 una casaci\u00f3n ante la Corte Suprema que resolvi\u00f3 que el <\/span><span data-contrast=\"auto\">Tribunal Ambiental<\/span><span data-contrast=\"auto\">, con nuevos <\/span><span data-contrast=\"auto\">Ministros<\/span><span data-contrast=\"auto\">, deb\u00eda pronunciarse del fondo del asunto<\/span><span data-contrast=\"auto\">. <\/span><span data-ccp-props=\"{&quot;335551550&quot;:6,&quot;335551620&quot;:6}\">\u00a0<\/span><\/p>\n<p><span data-contrast=\"auto\">De esta forma, el Segundo Tribunal Ambiental determin\u00f3 que la decisi\u00f3n de la Superintendencia se encuentra debidamente fundada, considerando que<\/span><span data-contrast=\"auto\">,<\/span> <span data-contrast=\"none\">la inconsistencia y falta de veracidad de <\/span><span data-contrast=\"none\">los <\/span><span data-contrast=\"none\">antecedentes<\/span><span data-contrast=\"none\"> presentados por <\/span><span data-contrast=\"none\">la<\/span><span data-contrast=\"none\"> empresa a la SMA<\/span> <span data-contrast=\"none\">permiten <\/span><span data-contrast=\"none\">descart<\/span><span data-contrast=\"none\">ar<\/span><span data-contrast=\"none\"> que las gestiones y actos realizados muestren la intenci\u00f3n positiva de llevar a cabo <\/span><span data-contrast=\"none\">el <\/span><span data-contrast=\"none\">proyecto<\/span><span data-contrast=\"auto\">. <\/span><\/p>\n<p><span data-contrast=\"auto\">E<\/span><span data-contrast=\"auto\">n dicho s<\/span><span data-contrast=\"auto\">entido, e<\/span><span data-contrast=\"auto\">l <\/span><span data-contrast=\"auto\">Tribunal confirma la falsedad de las im\u00e1genes constatada por este Servicio, indicando que, de las actividades de fiscalizaci\u00f3n efectuadas por la SMA, resulta establecido de manera consistente que las fotograf\u00edas que fueron presentadas no resultaban coincidentes con la realidad constatada.<\/span><span data-ccp-props=\"{&quot;335551550&quot;:6,&quot;335551620&quot;:6}\">\u00a0<\/span><\/p>\n","protected":false},"excerpt":{"rendered":"<p>El Segundo Tribunal Ambiental resolvi\u00f3 rechazar la reclamaci\u00f3n presentada por la empresa Ecopower, confirmando con esto la decisi\u00f3n de la Superintendencia del Medio Ambiente (SMA) de invalidar la resoluci\u00f3n que acreditaba el inicio de ejecuci\u00f3n de la resoluci\u00f3n de calificaci\u00f3n ambiental (RCA) con la que contaba el proyecto Parque E\u00f3lico Chilo\u00e9. Cabe hacer presente que en <a href=\"https:\/\/portal.sma.gob.cl\/index.php\/segundo-tribunal-ambiental-confirma-resolucion-de-la-sma-por-caducidad-de-proyecto-eolico-ecopower-en-chiloe\/\">Leer m\u00e1s<\/a><\/p>\n","protected":false},"author":13,"featured_media":23287,"comment_status":"open","ping_status":"open","sticky":false,"template":"","format":"standard","meta":{"footnotes":""},"categories":[90,107,226],"tags":[],"class_list":["post-36700","post","type-post","status-publish","format-standard","has-post-thumbnail","hentry","category-comunicados-noticias","category-destacado","category-macrozona-sur"],"_links":{"self":[{"href":"https:\/\/portal.sma.gob.cl\/index.php\/wp-json\/wp\/v2\/posts\/36700","targetHints":{"allow":["GET"]}}],"collection":[{"href":"https:\/\/portal.sma.gob.cl\/index.php\/wp-json\/wp\/v2\/posts"}],"about":[{"href":"https:\/\/portal.sma.gob.cl\/index.php\/wp-json\/wp\/v2\/types\/post"}],"author":[{"embeddable":true,"href":"https:\/\/portal.sma.gob.cl\/index.php\/wp-json\/wp\/v2\/users\/13"}],"replies":[{"embeddable":true,"href":"https:\/\/portal.sma.gob.cl\/index.php\/wp-json\/wp\/v2\/comments?post=36700"}],"version-history":[{"count":2,"href":"https:\/\/portal.sma.gob.cl\/index.php\/wp-json\/wp\/v2\/posts\/36700\/revisions"}],"predecessor-version":[{"id":36704,"href":"https:\/\/portal.sma.gob.cl\/index.php\/wp-json\/wp\/v2\/posts\/36700\/revisions\/36704"}],"wp:featuredmedia":[{"embeddable":true,"href":"https:\/\/portal.sma.gob.cl\/index.php\/wp-json\/wp\/v2\/media\/23287"}],"wp:attachment":[{"href":"https:\/\/portal.sma.gob.cl\/index.php\/wp-json\/wp\/v2\/media?parent=36700"}],"wp:term":[{"taxonomy":"category","embeddable":true,"href":"https:\/\/portal.sma.gob.cl\/index.php\/wp-json\/wp\/v2\/categories?post=36700"},{"taxonomy":"post_tag","embeddable":true,"href":"https:\/\/portal.sma.gob.cl\/index.php\/wp-json\/wp\/v2\/tags?post=36700"}],"curies":[{"name":"wp","href":"https:\/\/api.w.org\/{rel}","templated":true}]}}