{"id":36718,"date":"2025-09-23T14:57:00","date_gmt":"2025-09-23T17:57:00","guid":{"rendered":"https:\/\/portal.sma.gob.cl\/?p=36718"},"modified":"2025-11-10T12:33:53","modified_gmt":"2025-11-10T15:33:53","slug":"atencion-regulados-informacion-relevante-del-sistema-de-riles","status":"publish","type":"post","link":"https:\/\/portal.sma.gob.cl\/index.php\/atencion-regulados-informacion-relevante-del-sistema-de-riles\/","title":{"rendered":"Atenci\u00f3n regulados: Informaci\u00f3n relevante del sistema de RILes"},"content":{"rendered":"<p>Se informa que el sistema para el reporte de monitoreo de residuos l\u00edquidos (RILes) que administra la Superintendencia del Medio Ambiente (SMA) se encontrar\u00e1 en actualizaci\u00f3n programada hasta el pr\u00f3ximo mi\u00e9rcoles 12 de noviembre, fecha en la que se espera retomar su operatividad habitual.<\/p>\n<p>Por esta raz\u00f3n, durante este periodo no se encontrar\u00e1 disponible.<\/p>\n<p>Se requiere a los regulados tomar todas las medidas necesarias para resguardar la informaci\u00f3n correspondiente.<\/p>\n","protected":false},"excerpt":{"rendered":"<p>Se informa que el sistema para el reporte de monitoreo de residuos l\u00edquidos (RILes) que administra la Superintendencia del Medio Ambiente (SMA) se encontrar\u00e1 en actualizaci\u00f3n programada hasta el pr\u00f3ximo mi\u00e9rcoles 12 de noviembre, fecha en la que se espera retomar su operatividad habitual. Por esta raz\u00f3n, durante este periodo no se encontrar\u00e1 disponible. Se requiere <a href=\"https:\/\/portal.sma.gob.cl\/index.php\/atencion-regulados-informacion-relevante-del-sistema-de-riles\/\">Leer m\u00e1s<\/a><\/p>\n","protected":false},"author":13,"featured_media":19869,"comment_status":"open","ping_status":"open","sticky":false,"template":"","format":"standard","meta":{"footnotes":""},"categories":[252,90,107,225,94],"tags":[],"class_list":["post-36718","post","type-post","status-publish","format-standard","has-post-thumbnail","hentry","category-asistencia-al-cumplimiento","category-comunicados-noticias","category-destacado","category-macrozona-centro","category-notas-noticias"],"_links":{"self":[{"href":"https:\/\/portal.sma.gob.cl\/index.php\/wp-json\/wp\/v2\/posts\/36718","targetHints":{"allow":["GET"]}}],"collection":[{"href":"https:\/\/portal.sma.gob.cl\/index.php\/wp-json\/wp\/v2\/posts"}],"about":[{"href":"https:\/\/portal.sma.gob.cl\/index.php\/wp-json\/wp\/v2\/types\/post"}],"author":[{"embeddable":true,"href":"https:\/\/portal.sma.gob.cl\/index.php\/wp-json\/wp\/v2\/users\/13"}],"replies":[{"embeddable":true,"href":"https:\/\/portal.sma.gob.cl\/index.php\/wp-json\/wp\/v2\/comments?post=36718"}],"version-history":[{"count":2,"href":"https:\/\/portal.sma.gob.cl\/index.php\/wp-json\/wp\/v2\/posts\/36718\/revisions"}],"predecessor-version":[{"id":36997,"href":"https:\/\/portal.sma.gob.cl\/index.php\/wp-json\/wp\/v2\/posts\/36718\/revisions\/36997"}],"wp:featuredmedia":[{"embeddable":true,"href":"https:\/\/portal.sma.gob.cl\/index.php\/wp-json\/wp\/v2\/media\/19869"}],"wp:attachment":[{"href":"https:\/\/portal.sma.gob.cl\/index.php\/wp-json\/wp\/v2\/media?parent=36718"}],"wp:term":[{"taxonomy":"category","embeddable":true,"href":"https:\/\/portal.sma.gob.cl\/index.php\/wp-json\/wp\/v2\/categories?post=36718"},{"taxonomy":"post_tag","embeddable":true,"href":"https:\/\/portal.sma.gob.cl\/index.php\/wp-json\/wp\/v2\/tags?post=36718"}],"curies":[{"name":"wp","href":"https:\/\/api.w.org\/{rel}","templated":true}]}}