{"id":36733,"date":"2025-10-01T08:57:42","date_gmt":"2025-10-01T11:57:42","guid":{"rendered":"https:\/\/portal.sma.gob.cl\/?p=36733"},"modified":"2025-11-03T14:21:51","modified_gmt":"2025-11-03T17:21:51","slug":"senado-aprueba-en-general-reforma-que-fortalece-a-la-superintendencia-del-medio-ambiente","status":"publish","type":"post","link":"https:\/\/portal.sma.gob.cl\/index.php\/senado-aprueba-en-general-reforma-que-fortalece-a-la-superintendencia-del-medio-ambiente\/","title":{"rendered":"Senado aprueba en general reforma que fortalece a la Superintendencia del Medio Ambiente"},"content":{"rendered":"<p><em>La iniciativa busca modernizar a esta instituci\u00f3n y proporcionarle herramientas que permitan realizar una mejor fiscalizaci\u00f3n, adem\u00e1s de incentivar el cumplimiento ambiental.<\/em><\/p>\n<p>La Sala del Senado aprob\u00f3 en general el proyecto de ley que busca\u00a0<strong>modernizar la Superintendencia del Medio Ambiente (SMA)<\/strong>, marcando un nuevo hito en el avance de la iniciativa que ya se encuentra en segundo tr\u00e1mite constitucional.<\/p>\n<p>El proyecto del Ejecutivo -presentado por el Ministerio del Medio Ambiente- tiene como objetivo reformar la Ley Org\u00e1nica de la SMA, a fin de robustecer el marco institucional del Servicio, fortaleciendo la fiscalizaci\u00f3n e incentivando el cumplimiento ambiental. Esto, adem\u00e1s de avanzar en un modelo que permita dar respuestas m\u00e1s eficientes, fijar reglas claras y agilizar la toma de decisiones.<\/p>\n<p>La ministra del Medio Ambiente,\u00a0<strong>Maisa Rojas<\/strong>, destac\u00f3 que\u00a0<em>\u201cavanzar en esta reforma es clave para consolidar nuestra institucionalidad ambiental. Con las modificaciones hacemos m\u00e1s eficiente la SMA, fortaleciendo su funci\u00f3n fiscalizadora, pero tambi\u00e9n promovemos el<\/em><br \/>\n<em>cumplimiento ambiental, lo que nos permite cuidar y proteger de mejor manera nuestro patrimonio natural y resguardar la calidad de vida de las personas\u201d.<\/em><\/p>\n<p>Por su parte, la Superintendenta del Medio Ambiente,\u00a0<strong>Marie Claude Plumer<\/strong>, agreg\u00f3 que\u00a0<em>\u201cel proyecto que moderniza la Superintendencia es una necesidad para el funcionamiento del servicio que nos permitir\u00e1 corregir y fortalecer varios aspectos que est\u00e1n contenidos en nuestra\u00a0<\/em><em>ley actual, a fin de apuntar a una mayor eficiencia y eficacia en las investigaciones de la SMA, adem\u00e1s de contar con mejores herramientas para la fiscalizaci\u00f3n ambiental y respuesta sancionatoria. Por esta raz\u00f3n, este avance es una muy buena noticia\u201d.<\/em><\/p>\n<p>Entre otras materias, el proyecto propone una mejora en la gesti\u00f3n de las denuncias, estableciendo plazos m\u00e1s acotados para informar sobre la admisibilidad y la entrega de resultados.<\/p>\n","protected":false},"excerpt":{"rendered":"<p>La iniciativa busca modernizar a esta instituci\u00f3n y proporcionarle herramientas que permitan realizar una mejor fiscalizaci\u00f3n, adem\u00e1s de incentivar el cumplimiento ambiental. La Sala del Senado aprob\u00f3 en general el proyecto de ley que busca\u00a0modernizar la Superintendencia del Medio Ambiente (SMA), marcando un nuevo hito en el avance de la iniciativa que ya se encuentra en <a href=\"https:\/\/portal.sma.gob.cl\/index.php\/senado-aprueba-en-general-reforma-que-fortalece-a-la-superintendencia-del-medio-ambiente\/\">Leer m\u00e1s<\/a><\/p>\n","protected":false},"author":19,"featured_media":36734,"comment_status":"open","ping_status":"open","sticky":false,"template":"","format":"standard","meta":{"footnotes":""},"categories":[90,107,225,232,94],"tags":[],"class_list":["post-36733","post","type-post","status-publish","format-standard","has-post-thumbnail","hentry","category-comunicados-noticias","category-destacado","category-macrozona-centro","category-metropolitana","category-notas-noticias"],"_links":{"self":[{"href":"https:\/\/portal.sma.gob.cl\/index.php\/wp-json\/wp\/v2\/posts\/36733","targetHints":{"allow":["GET"]}}],"collection":[{"href":"https:\/\/portal.sma.gob.cl\/index.php\/wp-json\/wp\/v2\/posts"}],"about":[{"href":"https:\/\/portal.sma.gob.cl\/index.php\/wp-json\/wp\/v2\/types\/post"}],"author":[{"embeddable":true,"href":"https:\/\/portal.sma.gob.cl\/index.php\/wp-json\/wp\/v2\/users\/19"}],"replies":[{"embeddable":true,"href":"https:\/\/portal.sma.gob.cl\/index.php\/wp-json\/wp\/v2\/comments?post=36733"}],"version-history":[{"count":1,"href":"https:\/\/portal.sma.gob.cl\/index.php\/wp-json\/wp\/v2\/posts\/36733\/revisions"}],"predecessor-version":[{"id":36736,"href":"https:\/\/portal.sma.gob.cl\/index.php\/wp-json\/wp\/v2\/posts\/36733\/revisions\/36736"}],"wp:featuredmedia":[{"embeddable":true,"href":"https:\/\/portal.sma.gob.cl\/index.php\/wp-json\/wp\/v2\/media\/36734"}],"wp:attachment":[{"href":"https:\/\/portal.sma.gob.cl\/index.php\/wp-json\/wp\/v2\/media?parent=36733"}],"wp:term":[{"taxonomy":"category","embeddable":true,"href":"https:\/\/portal.sma.gob.cl\/index.php\/wp-json\/wp\/v2\/categories?post=36733"},{"taxonomy":"post_tag","embeddable":true,"href":"https:\/\/portal.sma.gob.cl\/index.php\/wp-json\/wp\/v2\/tags?post=36733"}],"curies":[{"name":"wp","href":"https:\/\/api.w.org\/{rel}","templated":true}]}}