{"id":36745,"date":"2025-10-03T12:05:09","date_gmt":"2025-10-03T15:05:09","guid":{"rendered":"https:\/\/portal.sma.gob.cl\/?p=36745"},"modified":"2025-10-03T12:05:09","modified_gmt":"2025-10-03T15:05:09","slug":"sma-formula-dos-cargos-en-contra-de-la-empresa-patagonia-ridge-spa-por-ejecutar-obras-de-drenaje-de-humedales-sin-el-permiso-ambiental-respectivo","status":"publish","type":"post","link":"https:\/\/portal.sma.gob.cl\/index.php\/sma-formula-dos-cargos-en-contra-de-la-empresa-patagonia-ridge-spa-por-ejecutar-obras-de-drenaje-de-humedales-sin-el-permiso-ambiental-respectivo\/","title":{"rendered":"SMA formula dos cargos en contra de la empresa Patagonia Ridge SpA por ejecutar obras de drenaje de humedales sin el permiso ambiental respectivo"},"content":{"rendered":"<ul>\n<li><strong>Seg\u00fan constat\u00f3 la Superintendencia del Medio Ambiente, el titular dise\u00f1\u00f3 un proyecto de drenaje y posterior cultivo agr\u00edcola, afectando el Humedal Jeinimeni, ubicado en la Regi\u00f3n de Ays\u00e9n.<\/strong><\/li>\n<li><strong>Las obras del Proyecto se encuentran insertas dentro de la Zona de Inter\u00e9s Tur\u00edstico (ZOIT) \u201cChelenko\u201d y al interior del Sitio Prioritario para la Conservaci\u00f3n de la Biodiversidad Estepa Jeinimeni-Lagunas Bah\u00eda Jara.<\/strong><\/li>\n<\/ul>\n<p>La Superintendencia del Medio Ambiente (SMA) formul\u00f3 dos cargos contra Patagonia Ridge SpA, titular del \u201cProyecto Humedal Jeinimeni\u201d, ubicado en el Lote A del predio La Puntilla, sector Chacras del R\u00edo Jeinimeni, comuna de Chile Chico, Regi\u00f3n de Ays\u00e9n.<\/p>\n<p>El proyecto, iniciado en 2018 y actualmente en operaci\u00f3n, consiste en un sistema de drenaje para reconducir las aguas presentes en el Lote A, por medio de canales que evacuan estas aguas desde los terrenos h\u00famedos del predio hacia el Lago General Carrera. Lo anterior, para ejecutar actividades de plantaci\u00f3n y cultivo de cerezos en el mismo sector. Las obras del sistema de drenaje y las plantaciones abarcan un total de 31,5 hect\u00e1reas de la superficie total del predio.<\/p>\n<p>El caso se origin\u00f3 a partir de la recepci\u00f3n de siete denuncias presentadas ante la SMA. Estas denuncias se refer\u00edan, entre otras materias, a la ejecuci\u00f3n de obras de canalizaci\u00f3n destinadas al drenaje y relleno de un humedal emplazado en la desembocadura del r\u00edo Jeinimeni, en un sector colindante al Lago General Carrera.<\/p>\n<p>Frente a lo anterior, fiscalizadores de la Superintendencia realizaron una inspecci\u00f3n ambiental en terreno, constatando la construcci\u00f3n de canales de drenaje y la existencia de una descarga principal en la orilla del Lago General Carrera, as\u00ed como la ejecuci\u00f3n de faenas agr\u00edcolas.<\/p>\n<p>Adem\u00e1s, se constat\u00f3 que el proyecto se encuentra inserto dentro de la Zona de Inter\u00e9s Tur\u00edstico (ZOIT) \u201cChelenko\u201d y dentro del Sitio Prioritario para la Conservaci\u00f3n de la Biodiversidad Estepa Jeinimeni-Lagunas Bah\u00eda Jara, incorporado en la Estrategia Nacional para la Biodiversidad del Ministerio del Medio Ambiente (MMA). A su vez, se identific\u00f3 que el proyecto se superpone con un humedal continental de tipo palustre catastrado en el Inventario Nacional de Humedales.<\/p>\n<p>Tras los hallazgos, el examen de la informaci\u00f3n proporcionada por el titular y los antecedentes entregados por la Comisi\u00f3n Nacional de Riego, se concluy\u00f3 que la empresa se encontraba operando un proyecto de drenaje de cuerpos naturales de aguas superficiales, afectando m\u00e1s de 30 hect\u00e1reas de un humedal sin contar con la Resoluci\u00f3n de Calificaci\u00f3n Ambiental necesaria.<\/p>\n<p>Ante esto la SMA requiri\u00f3 el ingreso del proyecto al SEIA en octubre de 2021. Luego, la empresa present\u00f3 un reclamo de ilegalidad en contra de dicho requerimiento, el que fue rechazado por el Ilustre Tercer Tribunal Ambiental, ratificando que al menos 31 hect\u00e1reas del humedal existente en el \u00e1rea se vieron afectadas por los drenajes y cultivos.<\/p>\n<p>Tras nuevas fiscalizaciones realizadas en octubre de 2024 junto a la Direcci\u00f3n General de Aguas, y el respectivo an\u00e1lisis del cumplimiento del requerimiento de ingreso al SEIA, la SMA inici\u00f3 un procedimiento sancionatorio a trav\u00e9s de la formulaci\u00f3n de dos cargos contra la empresa. \u00a0El primero, por ejecutar un proyecto de drenaje o desecaci\u00f3n de humedales, afectando una superficie superior a 30 hect\u00e1reas, cuyas obras se emplazan al interior de \u00e1reas colocadas bajo protecci\u00f3n oficial, sin contar con resoluci\u00f3n de calificaci\u00f3n ambiental que lo autorice, el cual fue clasificado como infracci\u00f3n grav\u00edsima; y el segundo, por haber incumplido el requerimiento de ingreso al SEIA ordenado por la Superintendencia, siendo clasificado como infracci\u00f3n grave.<\/p>\n<p>Al respecto, la Superintendenta (s) Claudia Pastore se\u00f1al\u00f3 que <em>\u201ces importante recordar que la evaluaci\u00f3n ambiental cumple un objetivo muy importante previo a la operaci\u00f3n de cualquier proyecto, para identificar y prevenir posibles riesgos ambientales. Por esta raz\u00f3n, los titulares deben someterse a las reglas que est\u00e1n establecidas en nuestro ordenamiento jur\u00eddico\u201d.<\/em><\/p>\n<p>El titular tiene un plazo de 15 d\u00edas h\u00e1biles para presentar un Programa de Cumplimiento o de 22 d\u00edas h\u00e1biles para formular sus descargos respectivos, ambos contados desde la notificaci\u00f3n de la formulaci\u00f3n de cargos.<\/p>\n<p>Para mayor detalle, accede a la formulaci\u00f3n de cargos en el Sistema Nacional de Informaci\u00f3n de Fiscalizaci\u00f3n Ambiental (SNIFA): <a href=\"https:\/\/snifa.sma.gob.cl\/UnidadFiscalizable\/Ficha\/17450\">https:\/\/snifa.sma.gob.cl\/UnidadFiscalizable\/Ficha\/17450<\/a><\/p>\n","protected":false},"excerpt":{"rendered":"<p>Seg\u00fan constat\u00f3 la Superintendencia del Medio Ambiente, el titular dise\u00f1\u00f3 un proyecto de drenaje y posterior cultivo agr\u00edcola, afectando el Humedal Jeinimeni, ubicado en la Regi\u00f3n de Ays\u00e9n. Las obras del Proyecto se encuentran insertas dentro de la Zona de Inter\u00e9s Tur\u00edstico (ZOIT) \u201cChelenko\u201d y al interior del Sitio Prioritario para la Conservaci\u00f3n de la Biodiversidad <a href=\"https:\/\/portal.sma.gob.cl\/index.php\/sma-formula-dos-cargos-en-contra-de-la-empresa-patagonia-ridge-spa-por-ejecutar-obras-de-drenaje-de-humedales-sin-el-permiso-ambiental-respectivo\/\">Leer m\u00e1s<\/a><\/p>\n","protected":false},"author":18,"featured_media":36746,"comment_status":"open","ping_status":"open","sticky":false,"template":"","format":"standard","meta":{"footnotes":""},"categories":[90,107,226],"tags":[],"class_list":["post-36745","post","type-post","status-publish","format-standard","has-post-thumbnail","hentry","category-comunicados-noticias","category-destacado","category-macrozona-sur"],"_links":{"self":[{"href":"https:\/\/portal.sma.gob.cl\/index.php\/wp-json\/wp\/v2\/posts\/36745","targetHints":{"allow":["GET"]}}],"collection":[{"href":"https:\/\/portal.sma.gob.cl\/index.php\/wp-json\/wp\/v2\/posts"}],"about":[{"href":"https:\/\/portal.sma.gob.cl\/index.php\/wp-json\/wp\/v2\/types\/post"}],"author":[{"embeddable":true,"href":"https:\/\/portal.sma.gob.cl\/index.php\/wp-json\/wp\/v2\/users\/18"}],"replies":[{"embeddable":true,"href":"https:\/\/portal.sma.gob.cl\/index.php\/wp-json\/wp\/v2\/comments?post=36745"}],"version-history":[{"count":1,"href":"https:\/\/portal.sma.gob.cl\/index.php\/wp-json\/wp\/v2\/posts\/36745\/revisions"}],"predecessor-version":[{"id":36747,"href":"https:\/\/portal.sma.gob.cl\/index.php\/wp-json\/wp\/v2\/posts\/36745\/revisions\/36747"}],"wp:featuredmedia":[{"embeddable":true,"href":"https:\/\/portal.sma.gob.cl\/index.php\/wp-json\/wp\/v2\/media\/36746"}],"wp:attachment":[{"href":"https:\/\/portal.sma.gob.cl\/index.php\/wp-json\/wp\/v2\/media?parent=36745"}],"wp:term":[{"taxonomy":"category","embeddable":true,"href":"https:\/\/portal.sma.gob.cl\/index.php\/wp-json\/wp\/v2\/categories?post=36745"},{"taxonomy":"post_tag","embeddable":true,"href":"https:\/\/portal.sma.gob.cl\/index.php\/wp-json\/wp\/v2\/tags?post=36745"}],"curies":[{"name":"wp","href":"https:\/\/api.w.org\/{rel}","templated":true}]}}