{"id":36768,"date":"2025-10-08T17:42:53","date_gmt":"2025-10-08T20:42:53","guid":{"rendered":"https:\/\/portal.sma.gob.cl\/?p=36768"},"modified":"2026-03-18T12:55:40","modified_gmt":"2026-03-18T15:55:40","slug":"gobierno-refuerza-el-monitoreo-publico-de-la-calidad-del-aire-en-benceno-y-otros-contaminantes-en-quintero","status":"publish","type":"post","link":"https:\/\/portal.sma.gob.cl\/index.php\/gobierno-refuerza-el-monitoreo-publico-de-la-calidad-del-aire-en-benceno-y-otros-contaminantes-en-quintero\/","title":{"rendered":"Gobierno refuerza el monitoreo p\u00fablico de la calidad del aire en benceno y otros contaminantes en Quintero"},"content":{"rendered":"<ul>\n<li aria-setsize=\"-1\" data-leveltext=\"\uf0b7\" data-font=\"Symbol\" data-listid=\"3\" data-list-defn-props=\"{&quot;335552541&quot;:1,&quot;335559685&quot;:720,&quot;335559991&quot;:360,&quot;469769226&quot;:&quot;Symbol&quot;,&quot;469769242&quot;:[8226],&quot;469777803&quot;:&quot;left&quot;,&quot;469777804&quot;:&quot;\uf0b7&quot;,&quot;469777815&quot;:&quot;hybridMultilevel&quot;}\" data-aria-posinset=\"1\" data-aria-level=\"1\"><strong>La Superintendencia del Medio Ambiente otorg\u00f3 representatividad poblacional a la nueva estaci\u00f3n \u201cSupersitio Quintero\u201d, perteneciente a la Red P\u00fablica de Monitoreo del Ministerio del Medio Ambiente. Se trata de un paso clave en la consolidaci\u00f3n del sistema nacional y p\u00fablico de vigilancia de la calidad del aire y en la implementaci\u00f3n de la norma de benceno.\u00a0<\/strong><\/li>\n<\/ul>\n<p><span data-contrast=\"auto\">El Gobierno dio un nuevo paso en el fortalecimiento del monitoreo de la calidad del aire con el otorgamiento de la representatividad poblacional a las mediciones de benceno realizadas en la estaci\u00f3n de monitoreo del Ministerio del Medio Ambiente (MMA), ubicada en la comuna de Quintero. La resoluci\u00f3n, emitida por la Superintendencia del Medio Ambiente (SMA), consolida la validez t\u00e9cnica de los datos obtenidos y refuerza la capacidad del pa\u00eds para monitorear contaminantes atmosf\u00e9ricos de alto impacto, avanzando hacia una gesti\u00f3n ambiental sustentada en evidencia cient\u00edfica.<\/span><span data-ccp-props=\"{&quot;335551550&quot;:6,&quot;335551620&quot;:6}\">\u00a0<\/span><\/p>\n<p><span data-contrast=\"auto\">Este reconocimiento permite confirmar la representatividad, trazabilidad y confiabilidad de la informaci\u00f3n acerca de la presencia de este compuesto org\u00e1nico vol\u00e1til en la zona, fortaleciendo el seguimiento en el marco del cumplimiento de la Norma Primaria de Calidad del Aire para benceno y aportando a la protecci\u00f3n de la salud de la poblaci\u00f3n.<\/span><span data-ccp-props=\"{&quot;335551550&quot;:6,&quot;335551620&quot;:6}\">\u00a0<\/span><\/p>\n<p><span data-contrast=\"auto\">En ese contexto, es importante destacar que desde mayo de 2023 el pa\u00eds cuenta con la primera Norma Primaria de Calidad del Aire para Benceno (establecida mediante el D.S. N\u00b05\/2023 del Ministerio del Medio Ambiente), que fija l\u00edmites y metodolog\u00edas para medir su concentraci\u00f3n en el aire, considerando su relevancia en zonas con alta presencia industrial.<\/span><span data-ccp-props=\"{&quot;335551550&quot;:6,&quot;335551620&quot;:6}\">\u00a0<\/span><\/p>\n<p><span data-contrast=\"auto\">En el marco de la aplicaci\u00f3n de esta norma, y a solicitud del MMA, se llev\u00f3 a cabo un proceso de evaluaci\u00f3n y calificaci\u00f3n t\u00e9cnica de las mediciones de la estaci\u00f3n \u201cSupersitio Quintero\u201d. Como resultado, y luego de verificar el cumplimiento de los requisitos de emplazamiento, instalaci\u00f3n, calibraci\u00f3n y operaci\u00f3n de los equipos, la SMA otorg\u00f3 la representatividad poblacional para la medici\u00f3n de benceno y otros seis par\u00e1metros (MP10, MP2,5, SO\u2082, O\u2083, CO y NO\u2082), asegurando que los datos reflejen adecuadamente las condiciones reales de exposici\u00f3n de la poblaci\u00f3n.<\/span><span data-ccp-props=\"{&quot;335551550&quot;:6,&quot;335551620&quot;:6}\">\u00a0<\/span><\/p>\n<p><span data-contrast=\"auto\">La validaci\u00f3n de estas mediciones marca un paso relevante en el fortalecimiento de la red nacional de calidad del aire, al permitir un seguimiento m\u00e1s preciso del cumplimiento de la norma y la detecci\u00f3n temprana de posibles situaciones de riesgo. Con ello, nuestro pa\u00eds contin\u00faa avanzando hacia una gesti\u00f3n ambiental p\u00fablica m\u00e1s moderna, transparente y orientada a la protecci\u00f3n de la salud de las personas.<\/span><span data-ccp-props=\"{&quot;335551550&quot;:6,&quot;335551620&quot;:6}\">\u00a0<\/span><\/p>\n","protected":false},"excerpt":{"rendered":"<p>La Superintendencia del Medio Ambiente otorg\u00f3 representatividad poblacional a la nueva estaci\u00f3n \u201cSupersitio Quintero\u201d, perteneciente a la Red P\u00fablica de Monitoreo del Ministerio del Medio Ambiente. Se trata de un paso clave en la consolidaci\u00f3n del sistema nacional y p\u00fablico de vigilancia de la calidad del aire y en la implementaci\u00f3n de la norma de benceno.\u00a0 <a href=\"https:\/\/portal.sma.gob.cl\/index.php\/gobierno-refuerza-el-monitoreo-publico-de-la-calidad-del-aire-en-benceno-y-otros-contaminantes-en-quintero\/\">Leer m\u00e1s<\/a><\/p>\n","protected":false},"author":19,"featured_media":36769,"comment_status":"open","ping_status":"open","sticky":false,"template":"","format":"standard","meta":{"footnotes":""},"categories":[90,277,107,225,231],"tags":[],"class_list":["post-36768","post","type-post","status-publish","format-standard","has-post-thumbnail","hentry","category-comunicados-noticias","category-concon-quintero-y-puchuncavi","category-destacado","category-macrozona-centro","category-valparaiso"],"_links":{"self":[{"href":"https:\/\/portal.sma.gob.cl\/index.php\/wp-json\/wp\/v2\/posts\/36768","targetHints":{"allow":["GET"]}}],"collection":[{"href":"https:\/\/portal.sma.gob.cl\/index.php\/wp-json\/wp\/v2\/posts"}],"about":[{"href":"https:\/\/portal.sma.gob.cl\/index.php\/wp-json\/wp\/v2\/types\/post"}],"author":[{"embeddable":true,"href":"https:\/\/portal.sma.gob.cl\/index.php\/wp-json\/wp\/v2\/users\/19"}],"replies":[{"embeddable":true,"href":"https:\/\/portal.sma.gob.cl\/index.php\/wp-json\/wp\/v2\/comments?post=36768"}],"version-history":[{"count":1,"href":"https:\/\/portal.sma.gob.cl\/index.php\/wp-json\/wp\/v2\/posts\/36768\/revisions"}],"predecessor-version":[{"id":36770,"href":"https:\/\/portal.sma.gob.cl\/index.php\/wp-json\/wp\/v2\/posts\/36768\/revisions\/36770"}],"wp:featuredmedia":[{"embeddable":true,"href":"https:\/\/portal.sma.gob.cl\/index.php\/wp-json\/wp\/v2\/media\/36769"}],"wp:attachment":[{"href":"https:\/\/portal.sma.gob.cl\/index.php\/wp-json\/wp\/v2\/media?parent=36768"}],"wp:term":[{"taxonomy":"category","embeddable":true,"href":"https:\/\/portal.sma.gob.cl\/index.php\/wp-json\/wp\/v2\/categories?post=36768"},{"taxonomy":"post_tag","embeddable":true,"href":"https:\/\/portal.sma.gob.cl\/index.php\/wp-json\/wp\/v2\/tags?post=36768"}],"curies":[{"name":"wp","href":"https:\/\/api.w.org\/{rel}","templated":true}]}}