{"id":36897,"date":"2025-10-27T15:33:19","date_gmt":"2025-10-27T18:33:19","guid":{"rendered":"https:\/\/portal.sma.gob.cl\/?p=36897"},"modified":"2025-11-03T14:25:08","modified_gmt":"2025-11-03T17:25:08","slug":"maule-sma-inicia-requerimiento-de-ingreso-al-seia-del-plantel-bovino-fundo-el-regocijo","status":"publish","type":"post","link":"https:\/\/portal.sma.gob.cl\/index.php\/maule-sma-inicia-requerimiento-de-ingreso-al-seia-del-plantel-bovino-fundo-el-regocijo\/","title":{"rendered":"Maule: SMA inicia requerimiento de ingreso al SEIA del Plantel Bovino Fundo El Regocijo"},"content":{"rendered":"<ul>\n<li><strong>Fiscalizaciones y an\u00e1lisis constataron la operaci\u00f3n de un plantel de engorda bovina de dimensiones industriales sin Resoluci\u00f3n de Calificaci\u00f3n Ambiental (RCA).<\/strong><\/li>\n<\/ul>\n<p>La Superintendencia del Medio Ambiente (SMA) inici\u00f3 un procedimiento de requerimiento de ingreso al Sistema de Evaluaci\u00f3n de Impacto Ambiental (SEIA) en contra de Agr\u00edcola, Forestal y Ganadera Mario Patricio Mu\u00f1oz Montecinos E.I.R.L., por la ejecuci\u00f3n del Plantel Bovino Fundo El Regocijo sin contar con RCA.<\/p>\n<p>El proyecto, ubicado en la comuna de San Rafel, provincia de Talca, corresponde a un plantel de engorda de bovinos destinado a la producci\u00f3n de carne, con terrenos para la alimentaci\u00f3n de los animales y sectores de confinamiento (naves) consistentes en estructuras abiertas de metal.<\/p>\n<p>El caso se origina tras la presentaci\u00f3n de una denuncia que indicaba que el plantel operaba con m\u00e1s de mil cabezas de ganado sin el permiso ambiental respectivo. Ante ello, funcionarios de la SMA realizaron inspecciones en terreno en enero y febrero de 2025, adem\u00e1s de un requerimiento de informaci\u00f3n al titular.<\/p>\n<p>Como resultado de las inspecciones en terreno, se constat\u00f3 que el proyecto, en operaci\u00f3n desde 2006, se emplaza en un \u00e1rea de aproximadamente 700 hect\u00e1reas y cuenta con dos sectores de confinamiento que albergan cerca de 900 y 850 bovinos respectivamente totalizando alrededor de 1.750 animales. De esta manera, se configura como un plantel de engorda de dimensiones industriales. Asimismo, se verific\u00f3 que los bovinos permanecen en el proceso de engorda aproximadamente seis meses.<\/p>\n<p>Lo anterior, considerando que, conforme a la normativa vigente, se considera de dimensiones industriales todo plantel que mantenga en confinamiento en patios de alimentaci\u00f3n, por un per\u00edodo superior a un mes continuado, a 300 o m\u00e1s animales de ganado bovino de carne.<\/p>\n<p>La Jefa de la Oficina Regional de la SMA en Maule, Mariela Valenzuela destac\u00f3 que \u201cLa normativa es clara respecto de las dimensiones que deben tener los planteles y establos de crianza, lecher\u00eda y engorda de animales para ser considerados de car\u00e1cter industrial; por lo mismo, corresponde iniciar este procedimiento de ingreso, dado que el titular deber\u00eda operar con el permiso ambiental respectivo\u201d.<\/p>\n<p>Con estos antecedentes, la SMA cuenta con indicios suficientes para iniciar el procedimiento de requerimiento de ingreso al SEIA. La empresa dispone de 15 d\u00edas h\u00e1biles, contados desde la fecha de notificaci\u00f3n, para presentar las observaciones, alegaciones o pruebas que estime pertinentes frente a la hip\u00f3tesis de elusi\u00f3n a la evaluaci\u00f3n ambiental.<\/p>\n<p>M\u00e1s informaci\u00f3n sobre este requerimiento en el Sistema Nacional de Informaci\u00f3n de Fiscalizaci\u00f3n Ambiental (SNIFA): <a href=\"https:\/\/snifa.sma.gob.cl\/RequerimientoIngreso\/Ficha\/241\">https:\/\/snifa.sma.gob.cl\/RequerimientoIngreso\/Ficha\/241<\/a><\/p>\n<p>&nbsp;<\/p>\n","protected":false},"excerpt":{"rendered":"<p>Fiscalizaciones y an\u00e1lisis constataron la operaci\u00f3n de un plantel de engorda bovina de dimensiones industriales sin Resoluci\u00f3n de Calificaci\u00f3n Ambiental (RCA). La Superintendencia del Medio Ambiente (SMA) inici\u00f3 un procedimiento de requerimiento de ingreso al Sistema de Evaluaci\u00f3n de Impacto Ambiental (SEIA) en contra de Agr\u00edcola, Forestal y Ganadera Mario Patricio Mu\u00f1oz Montecinos E.I.R.L., por la <a href=\"https:\/\/portal.sma.gob.cl\/index.php\/maule-sma-inicia-requerimiento-de-ingreso-al-seia-del-plantel-bovino-fundo-el-regocijo\/\">Leer m\u00e1s<\/a><\/p>\n","protected":false},"author":19,"featured_media":36898,"comment_status":"open","ping_status":"open","sticky":false,"template":"","format":"standard","meta":{"footnotes":""},"categories":[90,107,225,234,94],"tags":[],"class_list":["post-36897","post","type-post","status-publish","format-standard","has-post-thumbnail","hentry","category-comunicados-noticias","category-destacado","category-macrozona-centro","category-maule","category-notas-noticias"],"_links":{"self":[{"href":"https:\/\/portal.sma.gob.cl\/index.php\/wp-json\/wp\/v2\/posts\/36897","targetHints":{"allow":["GET"]}}],"collection":[{"href":"https:\/\/portal.sma.gob.cl\/index.php\/wp-json\/wp\/v2\/posts"}],"about":[{"href":"https:\/\/portal.sma.gob.cl\/index.php\/wp-json\/wp\/v2\/types\/post"}],"author":[{"embeddable":true,"href":"https:\/\/portal.sma.gob.cl\/index.php\/wp-json\/wp\/v2\/users\/19"}],"replies":[{"embeddable":true,"href":"https:\/\/portal.sma.gob.cl\/index.php\/wp-json\/wp\/v2\/comments?post=36897"}],"version-history":[{"count":1,"href":"https:\/\/portal.sma.gob.cl\/index.php\/wp-json\/wp\/v2\/posts\/36897\/revisions"}],"predecessor-version":[{"id":36899,"href":"https:\/\/portal.sma.gob.cl\/index.php\/wp-json\/wp\/v2\/posts\/36897\/revisions\/36899"}],"wp:featuredmedia":[{"embeddable":true,"href":"https:\/\/portal.sma.gob.cl\/index.php\/wp-json\/wp\/v2\/media\/36898"}],"wp:attachment":[{"href":"https:\/\/portal.sma.gob.cl\/index.php\/wp-json\/wp\/v2\/media?parent=36897"}],"wp:term":[{"taxonomy":"category","embeddable":true,"href":"https:\/\/portal.sma.gob.cl\/index.php\/wp-json\/wp\/v2\/categories?post=36897"},{"taxonomy":"post_tag","embeddable":true,"href":"https:\/\/portal.sma.gob.cl\/index.php\/wp-json\/wp\/v2\/tags?post=36897"}],"curies":[{"name":"wp","href":"https:\/\/api.w.org\/{rel}","templated":true}]}}