{"id":36972,"date":"2025-10-30T13:00:23","date_gmt":"2025-10-30T16:00:23","guid":{"rendered":"https:\/\/portal.sma.gob.cl\/?p=36972"},"modified":"2025-11-03T14:26:48","modified_gmt":"2025-11-03T17:26:48","slug":"sma-amplia-presencia-en-maule-con-nueva-delegacion-en-curico","status":"publish","type":"post","link":"https:\/\/portal.sma.gob.cl\/index.php\/sma-amplia-presencia-en-maule-con-nueva-delegacion-en-curico\/","title":{"rendered":"SMA ampl\u00eda presencia en Maule con nueva delegaci\u00f3n en Curic\u00f3"},"content":{"rendered":"<ul type=\"disc\">\n<li><b data-olk-copy-source=\"MessageBody\">La nueva dependencia se encuentra ubicada al interior de la Delegaci\u00f3n Presidencial Provincial de Curic\u00f3, Carmen N\u00b0560, Curic\u00f3.<\/b><\/li>\n<li><b>Con esta apertura, la Superintendencia del Medio Ambiente cuenta con 14 instalaciones en este formato a lo largo de Chile, las que se constituyen como extensiones de las oficinas regionales, en comunas o territorios alejados.<\/b><\/li>\n<\/ul>\n<p>La Superintendencia del Medio Ambiente (SMA) inaugur\u00f3 una nueva delegaci\u00f3n exclusiva en la Regi\u00f3n del Maule, en la ciudad de Curic\u00f3, con el objetivo de extender su presencia territorial y abarcar proyectos relevantes de la provincia con el mismo nombre.<\/p>\n<p>La inauguraci\u00f3n fue liderada por la Superintendenta del Medio Ambiente, Marie Claude Plumer; el Delegado Presidencial Provincial de Curic\u00f3, Jos\u00e9 Patricio Correa; la seremi de Medio Ambiente regional Maule, Daniela de La Jara; y la jefa regional de la SMA en el Maule, Mariela Valenzuela; entre otros representantes de organismos regionales.<\/p>\n<p>La Superintendenta del Medio Ambiente, Marie Claude Plumer, explic\u00f3 que\u00a0<i>\u201cestamos muy contentos de inaugurar una nueva dependencia de la SMA en la Regi\u00f3n del Maule, que acercar\u00e1 la fiscalizaci\u00f3n a este territorio. Esta delegaci\u00f3n se instala en el marco del trabajo de descentralizaci\u00f3n que est\u00e1 realizando el Estado para hacerse cargo de las problem\u00e1ticas ambientales y asegurar una gesti\u00f3n ambiental m\u00e1s eficiente y eficaz, mejorando nuestro trabajo de fiscalizaci\u00f3n y tambi\u00e9n de respuestas a la ciudadan\u00eda\u201d.<\/i><\/p>\n<p>Adem\u00e1s, agreg\u00f3 que\u00a0<i>\u201cquisiera agradecer la colaboraci\u00f3n y disposici\u00f3n del Delegado Presidencial Provincial, por haber facilitado el espacio f\u00edsico para que esto fuera posible\u201d.<\/i><\/p>\n<p>Las delegaciones exclusivas tienen como funci\u00f3n la fiscalizaci\u00f3n en terreno de Resoluciones de Calificaci\u00f3n Ambiental (RCA) y normas de emisi\u00f3n (como, por ejemplo: ruidos), la recepci\u00f3n de denuncias, atenci\u00f3n al p\u00fablico, apoyo a la Delegaci\u00f3n Provincial, contacto directo e informaci\u00f3n a la Oficina Regional.<\/p>\n<p>En este caso, la delegaci\u00f3n exclusiva en Curic\u00f3 -que estar\u00e1 ubicada en la Delegaci\u00f3n Presidencial Provincial de Curic\u00f3, Carmen N\u00b0560, forma parte de la Oficina Regional del Maule, a cargo de Mariela Valenzuela y contar\u00e1 con un fiscalizador exclusivo para este territorio.<\/p>\n<p><i>\u201cLos habitantes de la Provincia de Curic\u00f3 podr\u00e1n acudir directamente a denunciar temas de competencia de la SMA a esta nueva delegaci\u00f3n. La Oficina Regional se mantendr\u00e1 en constante monitoreo y apoyo para contingencias que requieran refuerzo\u201d<\/i>, agreg\u00f3 la jefa de la Oficina Regional de la SMA del Maule, Mariela Valenzuela.<\/p>\n<p>Esta nueva dependencia se suma a las ya operativas en zonas como Calama (Antofagasta), Huasco (Atacama), Choapa (Coquimbo), Quintero, Puchuncav\u00ed, Catemu, San Antonio (Valpara\u00edso), Coronel y Los \u00c1ngeles (Biob\u00edo), Araucan\u00eda Lacustre y Malleco (La Araucan\u00eda), Osorno y Chilo\u00e9 (Los Lagos). Todas estas permiten a la instituci\u00f3n priorizar territorios que requieren atenci\u00f3n en fiscalizaci\u00f3n y acciones de correcci\u00f3n por su vulnerabilidad ambiental, adem\u00e1s de las 16 Oficinas Regionales ubicadas en todas las capitales del territorio nacional.<\/p>\n","protected":false},"excerpt":{"rendered":"<p>La nueva dependencia se encuentra ubicada al interior de la Delegaci\u00f3n Presidencial Provincial de Curic\u00f3, Carmen N\u00b0560, Curic\u00f3. Con esta apertura, la Superintendencia del Medio Ambiente cuenta con 14 instalaciones en este formato a lo largo de Chile, las que se constituyen como extensiones de las oficinas regionales, en comunas o territorios alejados. La Superintendencia del <a href=\"https:\/\/portal.sma.gob.cl\/index.php\/sma-amplia-presencia-en-maule-con-nueva-delegacion-en-curico\/\">Leer m\u00e1s<\/a><\/p>\n","protected":false},"author":8,"featured_media":36974,"comment_status":"open","ping_status":"open","sticky":false,"template":"","format":"standard","meta":{"footnotes":""},"categories":[90,107,225,234],"tags":[],"class_list":["post-36972","post","type-post","status-publish","format-standard","has-post-thumbnail","hentry","category-comunicados-noticias","category-destacado","category-macrozona-centro","category-maule"],"_links":{"self":[{"href":"https:\/\/portal.sma.gob.cl\/index.php\/wp-json\/wp\/v2\/posts\/36972","targetHints":{"allow":["GET"]}}],"collection":[{"href":"https:\/\/portal.sma.gob.cl\/index.php\/wp-json\/wp\/v2\/posts"}],"about":[{"href":"https:\/\/portal.sma.gob.cl\/index.php\/wp-json\/wp\/v2\/types\/post"}],"author":[{"embeddable":true,"href":"https:\/\/portal.sma.gob.cl\/index.php\/wp-json\/wp\/v2\/users\/8"}],"replies":[{"embeddable":true,"href":"https:\/\/portal.sma.gob.cl\/index.php\/wp-json\/wp\/v2\/comments?post=36972"}],"version-history":[{"count":1,"href":"https:\/\/portal.sma.gob.cl\/index.php\/wp-json\/wp\/v2\/posts\/36972\/revisions"}],"predecessor-version":[{"id":36973,"href":"https:\/\/portal.sma.gob.cl\/index.php\/wp-json\/wp\/v2\/posts\/36972\/revisions\/36973"}],"wp:featuredmedia":[{"embeddable":true,"href":"https:\/\/portal.sma.gob.cl\/index.php\/wp-json\/wp\/v2\/media\/36974"}],"wp:attachment":[{"href":"https:\/\/portal.sma.gob.cl\/index.php\/wp-json\/wp\/v2\/media?parent=36972"}],"wp:term":[{"taxonomy":"category","embeddable":true,"href":"https:\/\/portal.sma.gob.cl\/index.php\/wp-json\/wp\/v2\/categories?post=36972"},{"taxonomy":"post_tag","embeddable":true,"href":"https:\/\/portal.sma.gob.cl\/index.php\/wp-json\/wp\/v2\/tags?post=36972"}],"curies":[{"name":"wp","href":"https:\/\/api.w.org\/{rel}","templated":true}]}}