{"id":36992,"date":"2025-11-06T14:39:16","date_gmt":"2025-11-06T17:39:16","guid":{"rendered":"https:\/\/portal.sma.gob.cl\/?p=36992"},"modified":"2025-11-06T15:09:27","modified_gmt":"2025-11-06T18:09:27","slug":"sma-formula-tres-cargos-contra-proyecto-fotovoltaico-las-chilcas-solar","status":"publish","type":"post","link":"https:\/\/portal.sma.gob.cl\/index.php\/sma-formula-tres-cargos-contra-proyecto-fotovoltaico-las-chilcas-solar\/","title":{"rendered":"SMA formula tres cargos contra proyecto fotovoltaico Las Chilcas Solar"},"content":{"rendered":"<ul>\n<li><strong>Los cargos est\u00e1n asociados al incumplimiento del plan de rescate y relocalizaci\u00f3n de reptiles, y del plan de protecci\u00f3n del componente arqueol\u00f3gico, ambos establecidos en su permiso ambiental y que deb\u00edan aplicarse durante el inicio de obras. <\/strong><\/li>\n<\/ul>\n<p>La Superintendencia del Medio Ambiente (SMA) formul\u00f3 tres cargos contra el Proyecto Fotovoltaico Las Chilcas, de titularidad de Las Chilcas Solar SpA, ubicado en Quebrada Ancha, comuna de Arica, regi\u00f3n de Arica y Parinacota.<\/p>\n<p>El proyecto energ\u00e9tico, en operaci\u00f3n desde septiembre de 2024, consiste en la instalaci\u00f3n de aproximadamente 24.192 m\u00f3dulos fotovoltaicos de potencia m\u00e1xima de 535 Wp cada uno, adem\u00e1s de tres estaciones inversoras de 3.340 kVA. Lo anterior, con el objetivo de generar energ\u00eda el\u00e9ctrica a partir de una planta fotovoltaica de 12,9 MWp de potencia instalada, inyectando energ\u00eda al Sistema El\u00e9ctrico Nacional (SEN) mediante una l\u00ednea de media tensi\u00f3n que se conectar\u00e1 a la red de la Compa\u00f1\u00eda General de Electricidad.<\/p>\n<p>En el marco de actividades de fiscalizaci\u00f3n programadas, a mediados de 2023 la SMA, junto al Servicio Agr\u00edcola y Ganadero (SAG), realiz\u00f3 una inspecci\u00f3n ambiental a la planta. Posteriormente, a mediados de 2025 la SMA, junto a la Direcci\u00f3n General de Aguas (DGA), realiz\u00f3 una nueva inspecci\u00f3n ambiental a la planta.<\/p>\n<p>Tras dichas fiscalizaciones y el an\u00e1lisis posterior, la SMA formul\u00f3 tres cargos contra el titular del proyecto \u2014dos graves y uno leve\u2014 al constatar una serie de incumplimientos a su permiso ambiental.<\/p>\n<p>El primer cargo, de car\u00e1cter grave, se imput\u00f3 tras constatar que el titular incumpli\u00f3 el Plan de Rescate y Relocalizaci\u00f3n de reptiles asociado a la construcci\u00f3n del proyecto, el cual inclu\u00eda a la Salamanqueja del Norte Grande y al Corredor de Pica. Esto, por no incorporar en la tramitaci\u00f3n del Permiso Ambiental Sectorial (PAS 146) al corredor de Pica, como establece la RCA, adem\u00e1s de no ejecutar el plan de rescate y relocalizaci\u00f3n respecto de esta especie.<\/p>\n<p>El segundo cargo, de car\u00e1cter leve, se fund\u00f3 en el incumplimiento del Plan de Perturbaci\u00f3n Controlada, considerando que la campa\u00f1a respecto de los reptiles mencionados no se realiz\u00f3 previo al inicio de los trabajos de movimiento de tierras y nivelaci\u00f3n del terreno para la construcci\u00f3n del proyecto, como exige el permiso ambiental.<\/p>\n<p>Finalmente, el tercer cargo, de car\u00e1cter grave, se sustenta en el incumplimiento de la medida de protecci\u00f3n del componente arqueol\u00f3gico, dado que no fueron rescatados todos los bienes arqueol\u00f3gicos previo al inicio de la etapa de construcci\u00f3n, seg\u00fan lo establecido en el Plan de Rescate y Recolecci\u00f3n de Hallazgos Arqueol\u00f3gicos del proyecto.<\/p>\n<p>Frente a la formulaci\u00f3n de cargos, Tania Gonz\u00e1lez, jefa de la Oficina Regional de la SMA en Arica, se\u00f1al\u00f3 que \u201clas medidas establecidas en el permiso ambiental del titular, destinadas a la no afectaci\u00f3n de fauna terrestre \u2014particularmente en la fase de construcci\u00f3n del proyecto\u2014, no fueron cumplidas por el titular, poniendo en riesgo a las dos especies de reptiles que habitan en la zona\u201d.<\/p>\n<p>De acuerdo con la Ley Org\u00e1nica de la Superintendencia del Medio Ambiente (LOSMA), las infracciones graves podr\u00e1n ser objeto de revocaci\u00f3n de la RCA, clausura o multa de hasta 5.000 UTA, mientras que las leves podr\u00e1n ser objeto de multa de hasta 1.000 UTA. Las Chilcas Solar tendr\u00e1 un plazo de 15 d\u00edas h\u00e1biles para presentar un Programa de Cumplimiento y de 22 d\u00edas h\u00e1biles para formular sus descargos, contados desde la notificaci\u00f3n de este procedimiento sancionatorio.<\/p>\n<p>Para m\u00e1s detalles de la formulaci\u00f3n de cargos, se puede ingresar al Sistema Nacional de Informaci\u00f3n de Fiscalizaci\u00f3n Ambiental (SNIFA): <a href=\"https:\/\/snifa.sma.gob.cl\/Sancionatorio\/Ficha\/4329\">https:\/\/snifa.sma.gob.cl\/Sancionatorio\/Ficha\/4329<\/a><\/p>\n","protected":false},"excerpt":{"rendered":"<p>Los cargos est\u00e1n asociados al incumplimiento del plan de rescate y relocalizaci\u00f3n de reptiles, y del plan de protecci\u00f3n del componente arqueol\u00f3gico, ambos establecidos en su permiso ambiental y que deb\u00edan aplicarse durante el inicio de obras. La Superintendencia del Medio Ambiente (SMA) formul\u00f3 tres cargos contra el Proyecto Fotovoltaico Las Chilcas, de titularidad de Las <a href=\"https:\/\/portal.sma.gob.cl\/index.php\/sma-formula-tres-cargos-contra-proyecto-fotovoltaico-las-chilcas-solar\/\">Leer m\u00e1s<\/a><\/p>\n","protected":false},"author":19,"featured_media":36993,"comment_status":"open","ping_status":"open","sticky":false,"template":"","format":"standard","meta":{"footnotes":""},"categories":[90,107,224,94],"tags":[],"class_list":["post-36992","post","type-post","status-publish","format-standard","has-post-thumbnail","hentry","category-comunicados-noticias","category-destacado","category-macrozona-norte","category-notas-noticias"],"_links":{"self":[{"href":"https:\/\/portal.sma.gob.cl\/index.php\/wp-json\/wp\/v2\/posts\/36992","targetHints":{"allow":["GET"]}}],"collection":[{"href":"https:\/\/portal.sma.gob.cl\/index.php\/wp-json\/wp\/v2\/posts"}],"about":[{"href":"https:\/\/portal.sma.gob.cl\/index.php\/wp-json\/wp\/v2\/types\/post"}],"author":[{"embeddable":true,"href":"https:\/\/portal.sma.gob.cl\/index.php\/wp-json\/wp\/v2\/users\/19"}],"replies":[{"embeddable":true,"href":"https:\/\/portal.sma.gob.cl\/index.php\/wp-json\/wp\/v2\/comments?post=36992"}],"version-history":[{"count":1,"href":"https:\/\/portal.sma.gob.cl\/index.php\/wp-json\/wp\/v2\/posts\/36992\/revisions"}],"predecessor-version":[{"id":36994,"href":"https:\/\/portal.sma.gob.cl\/index.php\/wp-json\/wp\/v2\/posts\/36992\/revisions\/36994"}],"wp:featuredmedia":[{"embeddable":true,"href":"https:\/\/portal.sma.gob.cl\/index.php\/wp-json\/wp\/v2\/media\/36993"}],"wp:attachment":[{"href":"https:\/\/portal.sma.gob.cl\/index.php\/wp-json\/wp\/v2\/media?parent=36992"}],"wp:term":[{"taxonomy":"category","embeddable":true,"href":"https:\/\/portal.sma.gob.cl\/index.php\/wp-json\/wp\/v2\/categories?post=36992"},{"taxonomy":"post_tag","embeddable":true,"href":"https:\/\/portal.sma.gob.cl\/index.php\/wp-json\/wp\/v2\/tags?post=36992"}],"curies":[{"name":"wp","href":"https:\/\/api.w.org\/{rel}","templated":true}]}}