{"id":37195,"date":"2025-12-02T12:00:57","date_gmt":"2025-12-02T15:00:57","guid":{"rendered":"https:\/\/portal.sma.gob.cl\/?p=37195"},"modified":"2025-12-02T12:00:57","modified_gmt":"2025-12-02T15:00:57","slug":"coquimbo-sma-formula-cargos-graves-contra-minera-piedras-blancas","status":"publish","type":"post","link":"https:\/\/portal.sma.gob.cl\/index.php\/coquimbo-sma-formula-cargos-graves-contra-minera-piedras-blancas\/","title":{"rendered":"Coquimbo: SMA formula cargos graves contra Minera Piedras Blancas"},"content":{"rendered":"<ul>\n<li><strong>El titular del proyecto arriesga multas de hasta 10 mil UTA, la clausura o la revocaci\u00f3n de su permiso ambiental<\/strong><\/li>\n<\/ul>\n<p>La Superintendencia del Medio Ambiente (SMA) formul\u00f3 dos cargos graves contra Alfredo Villalobos Rom\u00e1n, titular del proyecto Minera Piedras Blancas, ubicado en el sector Tunga Sur, en la comuna de Illapel, regi\u00f3n de Coquimbo.<\/p>\n<p>El proyecto consiste en la explotaci\u00f3n de carbonato de calcio y en la disposici\u00f3n de residuos y est\u00e9riles resultantes de la extracci\u00f3n, con una capacidad superior a cinco mil toneladas mensuales, a trav\u00e9s de un rajo abierto, una planta de conminuci\u00f3n de minerales y un botadero de est\u00e9riles.<\/p>\n<p>El caso se origin\u00f3 tras la recepci\u00f3n de dos denuncias ciudadanas que apuntaban, principalmente, a la afectaci\u00f3n de terrenos de pastoreo, vertientes intervenidas con est\u00e9riles, operaci\u00f3n sin permiso ambiental, posible contaminaci\u00f3n del r\u00edo Choapa, tronaduras y circulaci\u00f3n de veh\u00edculos que generar\u00edan polvo en suspensi\u00f3n y ruidos molestos, adem\u00e1s de tala de \u00e1rboles y da\u00f1os al medioambiente y a la salud de la poblaci\u00f3n del sector.<\/p>\n<p>A partir de esas denuncias, fiscalizadores de la SMA solicitaron informaci\u00f3n al titular y a Sernageomin, concluyendo que el proyecto no contaba con permiso ambiental para operar. Por ello, en agosto de 2021 la Superintendencia requiri\u00f3 su ingreso al Sistema de Evaluaci\u00f3n de Impacto Ambiental (SEIA), requerimiento que fue reiterado en octubre de 2021 y en enero de 2022, sin que hasta la fecha se haya dado cumplimiento.<\/p>\n<p>Sobre esa base, la SMA formul\u00f3 dos cargos graves contra el titular. El primero se refiere a la ejecuci\u00f3n de un proyecto de desarrollo minero con una capacidad de extracci\u00f3n de mineral superior a cinco mil toneladas mensuales, junto con un proyecto de disposici\u00f3n de est\u00e9riles asociado, sin haber sido sometido a evaluaci\u00f3n ambiental. El segundo se relaciona con el incumplimiento del requerimiento de ingreso al SEIA efectuado en 2021 y reiterado en dos oportunidades posteriores, que no ha sido acatado hasta hoy.<\/p>\n<p>El jefe de la Oficina Regional de la SMA en Coquimbo, Gonzalo Parot, destac\u00f3 que <em>\u201cel titular, pese a que se le requiri\u00f3 el ingreso al SEIA por tratarse de un proyecto de desarrollo minero susceptible de causar impacto ambiental, no se someti\u00f3 a dicho sistema, incluso luego de que desde la SMA reiter\u00e1ramos ese requerimiento\u201d.<\/em><\/p>\n<p>De esta forma, el titular arriesga la clausura, revocaci\u00f3n de su RCA o una multa de hasta 5 mil UTA por cada cargo, lo que se puede traducir en una multa de hasta 10 mil UTA. Desde ahora el titular cuenta con un plazo de 15 d\u00edas h\u00e1biles para presentar un Programa de Cumplimiento y de 22 d\u00edas h\u00e1biles para formular sus descargos, ambos plazos contados desde la notificaci\u00f3n del presente acto administrativo.<\/p>\n<p>Para m\u00e1s detalles de la formulaci\u00f3n de cargos, se puede ingresar al Sistema Nacional de Informaci\u00f3n de Fiscalizaci\u00f3n Ambiental (SNIFA): <a href=\"https:\/\/snifa.sma.gob.cl\/Sancionatorio\/Ficha\/4332\">https:\/\/snifa.sma.gob.cl\/Sancionatorio\/Ficha\/4332<\/a><\/p>\n<p>&nbsp;<\/p>\n","protected":false},"excerpt":{"rendered":"<p>El titular del proyecto arriesga multas de hasta 10 mil UTA, la clausura o la revocaci\u00f3n de su permiso ambiental La Superintendencia del Medio Ambiente (SMA) formul\u00f3 dos cargos graves contra Alfredo Villalobos Rom\u00e1n, titular del proyecto Minera Piedras Blancas, ubicado en el sector Tunga Sur, en la comuna de Illapel, regi\u00f3n de Coquimbo. El proyecto <a href=\"https:\/\/portal.sma.gob.cl\/index.php\/coquimbo-sma-formula-cargos-graves-contra-minera-piedras-blancas\/\">Leer m\u00e1s<\/a><\/p>\n","protected":false},"author":19,"featured_media":37196,"comment_status":"open","ping_status":"open","sticky":false,"template":"","format":"standard","meta":{"footnotes":""},"categories":[90,224,94],"tags":[],"class_list":["post-37195","post","type-post","status-publish","format-standard","has-post-thumbnail","hentry","category-comunicados-noticias","category-macrozona-norte","category-notas-noticias"],"_links":{"self":[{"href":"https:\/\/portal.sma.gob.cl\/index.php\/wp-json\/wp\/v2\/posts\/37195","targetHints":{"allow":["GET"]}}],"collection":[{"href":"https:\/\/portal.sma.gob.cl\/index.php\/wp-json\/wp\/v2\/posts"}],"about":[{"href":"https:\/\/portal.sma.gob.cl\/index.php\/wp-json\/wp\/v2\/types\/post"}],"author":[{"embeddable":true,"href":"https:\/\/portal.sma.gob.cl\/index.php\/wp-json\/wp\/v2\/users\/19"}],"replies":[{"embeddable":true,"href":"https:\/\/portal.sma.gob.cl\/index.php\/wp-json\/wp\/v2\/comments?post=37195"}],"version-history":[{"count":1,"href":"https:\/\/portal.sma.gob.cl\/index.php\/wp-json\/wp\/v2\/posts\/37195\/revisions"}],"predecessor-version":[{"id":37197,"href":"https:\/\/portal.sma.gob.cl\/index.php\/wp-json\/wp\/v2\/posts\/37195\/revisions\/37197"}],"wp:featuredmedia":[{"embeddable":true,"href":"https:\/\/portal.sma.gob.cl\/index.php\/wp-json\/wp\/v2\/media\/37196"}],"wp:attachment":[{"href":"https:\/\/portal.sma.gob.cl\/index.php\/wp-json\/wp\/v2\/media?parent=37195"}],"wp:term":[{"taxonomy":"category","embeddable":true,"href":"https:\/\/portal.sma.gob.cl\/index.php\/wp-json\/wp\/v2\/categories?post=37195"},{"taxonomy":"post_tag","embeddable":true,"href":"https:\/\/portal.sma.gob.cl\/index.php\/wp-json\/wp\/v2\/tags?post=37195"}],"curies":[{"name":"wp","href":"https:\/\/api.w.org\/{rel}","templated":true}]}}