{"id":37211,"date":"2025-12-04T10:57:42","date_gmt":"2025-12-04T13:57:42","guid":{"rendered":"https:\/\/portal.sma.gob.cl\/?p=37211"},"modified":"2025-12-04T10:58:08","modified_gmt":"2025-12-04T13:58:08","slug":"sma-establece-requisitos-para-la-autorizacion-de-los-auditores-externos-que-realicen-la-verificacion-de-reduccion-o-absorcion-de-emisiones-de-co2","status":"publish","type":"post","link":"https:\/\/portal.sma.gob.cl\/index.php\/sma-establece-requisitos-para-la-autorizacion-de-los-auditores-externos-que-realicen-la-verificacion-de-reduccion-o-absorcion-de-emisiones-de-co2\/","title":{"rendered":"SMA establece requisitos para la autorizaci\u00f3n de los Auditores Externos que realicen la verificaci\u00f3n de reducci\u00f3n o absorci\u00f3n de emisiones de CO2"},"content":{"rendered":"<ul>\n<li><strong>Lo anterior, en el contexto de lo establecido en el Decreto Supremo N\u00b04\/2023 del Ministerio del Medio Ambiente, el cual aprueba el reglamento de proyecto de reducci\u00f3n de emisiones de contaminantes para compensar emisiones gravadas conforme a lo dispuesto en el Art. 8\u00b0 de la Ley N\u00b0 20.780 (Reforma Tributaria).<\/strong><\/li>\n<\/ul>\n<p>A trav\u00e9s de la Resoluci\u00f3n Exenta N\u00b02.540\/2025 publicada con fecha 28 de noviembre del presente a\u00f1o en el Diario Oficial, la Superintendencia del Medio Ambiente (SMA) estableci\u00f3 la instrucci\u00f3n general sobre los requisitos que deben cumplir los auditores externos que realicen la verificaci\u00f3n de reducci\u00f3n o absorci\u00f3n de emisiones del contaminante gravado CO<sub>2 (di\u00f3xido de carbono)<\/sub>.<\/p>\n<p>Los auditores externos que deseen obtener una autorizaci\u00f3n de la SMA para realizar la verificaci\u00f3n de CO\u2082 deber\u00e1n cumplir, principalmente, con los siguientes requisitos:<\/p>\n<ul>\n<li><strong>Formalizaci\u00f3n:<\/strong> Estar constituidos como persona jur\u00eddica de conformidad a la legislaci\u00f3n nacional, con la actividad de verificaci\u00f3n dentro de su objeto social.<\/li>\n<li><strong>Acreditaci\u00f3n:<\/strong> Poseer acreditaci\u00f3n vigente ante el Instituto Nacional de Normalizaci\u00f3n (INN) o un organismo internacional signatario del acuerdo de reconocimiento multilateral (MLA) del Foro Internacional de Acreditaci\u00f3n (IAF), seg\u00fan las normas ISO\/IEC 17029:2019 e ISO 14065:2020 (o aquellas que las reemplacen).<\/li>\n<li><strong>Equipo T\u00e9cnico:<\/strong> Contar con un responsable t\u00e9cnico (y opcionalmente, hasta 2 suplentes) que deber\u00e1 suscribir los informes de verificaci\u00f3n, el cual, deber\u00e1 contar con la aprobaci\u00f3n de una formaci\u00f3n especializada en los t\u00e9rminos establecidos en la misma instrucci\u00f3n.<\/li>\n<li><strong>Inhabilidades:<\/strong> No estar afecto a las incompatibilidades e inhabilidades establecidas en el Art\u00edculo 5\u00b0 de la instrucci\u00f3n.<\/li>\n<\/ul>\n<p>Asimismo, la instrucci\u00f3n establece los alcances espec\u00edficos para llevar a cabo la actividad de verificaci\u00f3n, los que deber\u00e1n estar contenidos en el certificado de acreditaci\u00f3n presentado por los postulantes.<\/p>\n<p>Respecto de la autorizaci\u00f3n, la primera tendr\u00e1 una duraci\u00f3n de 4 a\u00f1os contados desde la fecha de notificaci\u00f3n del acto administrativo.<\/p>\n<p>Para conocer con m\u00e1s detalles los requisitos para la autorizaci\u00f3n, as\u00ed como la documentaci\u00f3n y tramitaci\u00f3n requerida, ingresar a la Res. Ex. N\u00b02.540\/2025 en el siguiente <a href=\"https:\/\/www.diariooficial.interior.gob.cl\/publicaciones\/2025\/11\/28\/44311\/01\/2730664.pdf\">link<\/a><\/p>\n","protected":false},"excerpt":{"rendered":"<p>Lo anterior, en el contexto de lo establecido en el Decreto Supremo N\u00b04\/2023 del Ministerio del Medio Ambiente, el cual aprueba el reglamento de proyecto de reducci\u00f3n de emisiones de contaminantes para compensar emisiones gravadas conforme a lo dispuesto en el Art. 8\u00b0 de la Ley N\u00b0 20.780 (Reforma Tributaria). A trav\u00e9s de la Resoluci\u00f3n Exenta <a href=\"https:\/\/portal.sma.gob.cl\/index.php\/sma-establece-requisitos-para-la-autorizacion-de-los-auditores-externos-que-realicen-la-verificacion-de-reduccion-o-absorcion-de-emisiones-de-co2\/\">Leer m\u00e1s<\/a><\/p>\n","protected":false},"author":8,"featured_media":37214,"comment_status":"open","ping_status":"open","sticky":false,"template":"","format":"standard","meta":{"footnotes":""},"categories":[90,225,232],"tags":[],"class_list":["post-37211","post","type-post","status-publish","format-standard","has-post-thumbnail","hentry","category-comunicados-noticias","category-macrozona-centro","category-metropolitana"],"_links":{"self":[{"href":"https:\/\/portal.sma.gob.cl\/index.php\/wp-json\/wp\/v2\/posts\/37211","targetHints":{"allow":["GET"]}}],"collection":[{"href":"https:\/\/portal.sma.gob.cl\/index.php\/wp-json\/wp\/v2\/posts"}],"about":[{"href":"https:\/\/portal.sma.gob.cl\/index.php\/wp-json\/wp\/v2\/types\/post"}],"author":[{"embeddable":true,"href":"https:\/\/portal.sma.gob.cl\/index.php\/wp-json\/wp\/v2\/users\/8"}],"replies":[{"embeddable":true,"href":"https:\/\/portal.sma.gob.cl\/index.php\/wp-json\/wp\/v2\/comments?post=37211"}],"version-history":[{"count":1,"href":"https:\/\/portal.sma.gob.cl\/index.php\/wp-json\/wp\/v2\/posts\/37211\/revisions"}],"predecessor-version":[{"id":37212,"href":"https:\/\/portal.sma.gob.cl\/index.php\/wp-json\/wp\/v2\/posts\/37211\/revisions\/37212"}],"wp:featuredmedia":[{"embeddable":true,"href":"https:\/\/portal.sma.gob.cl\/index.php\/wp-json\/wp\/v2\/media\/37214"}],"wp:attachment":[{"href":"https:\/\/portal.sma.gob.cl\/index.php\/wp-json\/wp\/v2\/media?parent=37211"}],"wp:term":[{"taxonomy":"category","embeddable":true,"href":"https:\/\/portal.sma.gob.cl\/index.php\/wp-json\/wp\/v2\/categories?post=37211"},{"taxonomy":"post_tag","embeddable":true,"href":"https:\/\/portal.sma.gob.cl\/index.php\/wp-json\/wp\/v2\/tags?post=37211"}],"curies":[{"name":"wp","href":"https:\/\/api.w.org\/{rel}","templated":true}]}}