{"id":37244,"date":"2025-12-15T15:47:31","date_gmt":"2025-12-15T18:47:31","guid":{"rendered":"https:\/\/portal.sma.gob.cl\/?p=37244"},"modified":"2025-12-16T14:25:51","modified_gmt":"2025-12-16T17:25:51","slug":"sma-formula-cargo-contra-titular-del-edificio-mirador-playa-brava-iv-por-infraccion-a-la-norma-de-emision-de-ruido","status":"publish","type":"post","link":"https:\/\/portal.sma.gob.cl\/index.php\/sma-formula-cargo-contra-titular-del-edificio-mirador-playa-brava-iv-por-infraccion-a-la-norma-de-emision-de-ruido\/","title":{"rendered":"SMA formula cargo contra titular del Edificio Mirador Playa Brava IV por infracci\u00f3n a la Norma de Emisi\u00f3n de Ruido"},"content":{"rendered":"<ul>\n<li><strong><em>En actividades de medici\u00f3n de ruido realizada por la Oficina Regional SMA de Tarapac\u00e1, se constataron la superaci\u00f3n de los decibeles permitidos por la norma de referencia para el horario diurno.<\/em><\/strong><\/li>\n<\/ul>\n<p>La Superintendencia del Medio Ambiente (SMA) inici\u00f3 un procedimiento sancionatorio con una formulaci\u00f3n de cargos contra la Inmobiliaria y Constructora Nacional, titular de la faena constructiva \u201cEdificio Mirador Playa Brava IV\u201d, ubicada en la comuna de Iquique, Regi\u00f3n de Tarapac\u00e1, por una infracci\u00f3n al Decreto Supremo N\u00b038\/2011 del Ministerio del Medio Ambiente, que establece la Norma de Emisi\u00f3n de Ruidos.<\/p>\n<p>Este caso tiene como origen 11 denuncias ciudadanas relacionadas a la emisi\u00f3n de ruidos molestos, y cuyo origen de los ruidos ser\u00eda producto de las actividades desarrolladas por la construcci\u00f3n del \u201cEdificio Mirador Playa Brava IV\u201d, en particular, cortes de sierra, martillazos, taladro percutor, esmeril angular, golpes a metal, martillo hidr\u00e1ulico, ca\u00edda de material, alarmas de retroceso, gr\u00faa horquilla y tr\u00e1nsito de camiones al interior de la faena.<\/p>\n<p>Debido a lo anterior, se realizaron mediciones de ruido que registraron niveles de presi\u00f3n sonora corregidos (NPC) de 62 dB(A), 67 dB(A), 63 dB(A), 68 dB(A), 63 dB(A), 67 dB(A), y 81 dB(A). Por lo tanto, se constataron excedencia de hasta 21 decibeles por sobre el l\u00edmite m\u00e1ximo permitido para dicha zona en horario diurno, correspondiente a 60 decibeles.<\/p>\n<p>Tras estos antecedentes, la SMA formul\u00f3 un cargo, clasificando la infracci\u00f3n como leve, por lo que el titular arriesga una amonestaci\u00f3n por escrito o una multa de 1 hasta 1.000 unidades tributarias anuales (UTA) -equivalentes a m\u00e1s de $834 millones -, conforme al art\u00edculo 39, letra c), de la Ley Org\u00e1nica de la Superintendencia del Medio Ambiente (LOSMA). Luego de la notificaci\u00f3n, el infractor tendr\u00e1 un plazo ampliado de 15 d\u00edas h\u00e1biles para presentar un programa de cumplimiento (PdC) y de 22 d\u00edas h\u00e1biles para formular sus descargos.<\/p>\n<p>Al respecto,\u00a0<strong>Valeska Mu\u00f1oz<\/strong>, jefa de la SMA en la Regi\u00f3n de Tarapac\u00e1 explic\u00f3 que\u00a0<em>\u201cesta formulaci\u00f3n de cargos se sustenta en una investigaci\u00f3n realizada por la SMA luego de mediciones de ruidos a prop\u00f3sito de denuncias ingresadas por vecinos colindantes al Edificio Mirador Playa Brava IV. Es importante hacer un llamado a la responsabilidad a los titulares, ya que el ejercicio de la actividad econ\u00f3mica tiene que ser con cumplimiento ambiental. El ruido tambi\u00e9n es parte de las garant\u00edas para vivir un medioambiente libre de contaminaci\u00f3n\u201d.<\/em><\/p>\n<p>M\u00e1s informaci\u00f3n en el\u00a0<strong>Sistema Nacional de Informaci\u00f3n de Fiscalizaci\u00f3n Ambiental (SNIFA): <\/strong><a href=\"https:\/\/snifa.sma.gob.cl\/Sancionatorio\/Ficha\/4384\"><strong>https:\/\/snifa.sma.gob.cl\/Sancionatorio\/Ficha\/4384<\/strong><\/a><\/p>\n","protected":false},"excerpt":{"rendered":"<p>En actividades de medici\u00f3n de ruido realizada por la Oficina Regional SMA de Tarapac\u00e1, se constataron la superaci\u00f3n de los decibeles permitidos por la norma de referencia para el horario diurno. La Superintendencia del Medio Ambiente (SMA) inici\u00f3 un procedimiento sancionatorio con una formulaci\u00f3n de cargos contra la Inmobiliaria y Constructora Nacional, titular de la faena <a href=\"https:\/\/portal.sma.gob.cl\/index.php\/sma-formula-cargo-contra-titular-del-edificio-mirador-playa-brava-iv-por-infraccion-a-la-norma-de-emision-de-ruido\/\">Leer m\u00e1s<\/a><\/p>\n","protected":false},"author":8,"featured_media":37246,"comment_status":"open","ping_status":"open","sticky":false,"template":"","format":"standard","meta":{"footnotes":""},"categories":[90,107,224,1,242],"tags":[],"class_list":["post-37244","post","type-post","status-publish","format-standard","has-post-thumbnail","hentry","category-comunicados-noticias","category-destacado","category-macrozona-norte","category-sin-categoria","category-tarapaca"],"_links":{"self":[{"href":"https:\/\/portal.sma.gob.cl\/index.php\/wp-json\/wp\/v2\/posts\/37244","targetHints":{"allow":["GET"]}}],"collection":[{"href":"https:\/\/portal.sma.gob.cl\/index.php\/wp-json\/wp\/v2\/posts"}],"about":[{"href":"https:\/\/portal.sma.gob.cl\/index.php\/wp-json\/wp\/v2\/types\/post"}],"author":[{"embeddable":true,"href":"https:\/\/portal.sma.gob.cl\/index.php\/wp-json\/wp\/v2\/users\/8"}],"replies":[{"embeddable":true,"href":"https:\/\/portal.sma.gob.cl\/index.php\/wp-json\/wp\/v2\/comments?post=37244"}],"version-history":[{"count":2,"href":"https:\/\/portal.sma.gob.cl\/index.php\/wp-json\/wp\/v2\/posts\/37244\/revisions"}],"predecessor-version":[{"id":37252,"href":"https:\/\/portal.sma.gob.cl\/index.php\/wp-json\/wp\/v2\/posts\/37244\/revisions\/37252"}],"wp:featuredmedia":[{"embeddable":true,"href":"https:\/\/portal.sma.gob.cl\/index.php\/wp-json\/wp\/v2\/media\/37246"}],"wp:attachment":[{"href":"https:\/\/portal.sma.gob.cl\/index.php\/wp-json\/wp\/v2\/media?parent=37244"}],"wp:term":[{"taxonomy":"category","embeddable":true,"href":"https:\/\/portal.sma.gob.cl\/index.php\/wp-json\/wp\/v2\/categories?post=37244"},{"taxonomy":"post_tag","embeddable":true,"href":"https:\/\/portal.sma.gob.cl\/index.php\/wp-json\/wp\/v2\/tags?post=37244"}],"curies":[{"name":"wp","href":"https:\/\/api.w.org\/{rel}","templated":true}]}}