{"id":37256,"date":"2025-12-17T14:41:41","date_gmt":"2025-12-17T17:41:41","guid":{"rendered":"https:\/\/portal.sma.gob.cl\/?p=37256"},"modified":"2025-12-29T09:32:17","modified_gmt":"2025-12-29T12:32:17","slug":"superintendencia-del-medio-ambiente-y-sii-firman-convenio-de-colaboracion-para-el-intercambio-de-informacion","status":"publish","type":"post","link":"https:\/\/portal.sma.gob.cl\/index.php\/superintendencia-del-medio-ambiente-y-sii-firman-convenio-de-colaboracion-para-el-intercambio-de-informacion\/","title":{"rendered":"Superintendencia del Medio Ambiente y SII firman convenio de colaboraci\u00f3n para el intercambio de informaci\u00f3n"},"content":{"rendered":"<ul>\n<li aria-setsize=\"-1\" data-leveltext=\"\uf0b7\" data-font=\"Symbol\" data-listid=\"3\" data-list-defn-props=\"{&quot;335552541&quot;:1,&quot;335559685&quot;:720,&quot;335559991&quot;:360,&quot;469769226&quot;:&quot;Symbol&quot;,&quot;469769242&quot;:[8226],&quot;469777803&quot;:&quot;left&quot;,&quot;469777804&quot;:&quot;\uf0b7&quot;,&quot;469777815&quot;:&quot;hybridMultilevel&quot;}\" data-aria-posinset=\"1\" data-aria-level=\"1\"><b><i><span data-contrast=\"auto\">La alianza tiene por objeto intercambiar informaci\u00f3n\u00a0a fin\u00a0de\u00a0optimizar la eficiencia de\u00a0las\u00a0funciones\u00a0de ambos organismos, manteniendo la estricta confidencialidad de los datos.<\/span><\/i><\/b><span data-ccp-props=\"{&quot;335551550&quot;:6,&quot;335551620&quot;:6}\">\u00a0<\/span><\/li>\n<\/ul>\n<p><span data-contrast=\"auto\">La Superintendencia del Medio Ambiente (SMA) y el Servicio de Impuestos Internos (SII) suscribieron un convenio\u00a0con la\u00a0finalidad\u00a0de establecer un mecanismo de colaboraci\u00f3n entre ambos organismos p\u00fablicos basado\u00a0en el intercambio de informaci\u00f3n.\u00a0<\/span><span data-ccp-props=\"{&quot;335551550&quot;:6,&quot;335551620&quot;:6}\">\u00a0<\/span><\/p>\n<p><span data-contrast=\"auto\">Este intercambio\u00a0-que tiene entre sus consideraciones el cumplimiento de la Ley 19.628 Sobre Protecci\u00f3n de la Vida Privada-\u00a0se realizar\u00e1 \u00fanicamente\u00a0para los fines propios de cada instituci\u00f3n,\u00a0manteniendo\u00a0la confidencialidad correspondiente, quedando prohibido un uso distinto al establecido.\u00a0En este mismo sentido, tendr\u00e1n acceso a la informaci\u00f3n s\u00f3lo aquellos funcionarios que estrictamente tengan la obligaci\u00f3n de conocerla, evitando el acceso a terceros no autorizados.<\/span><span data-ccp-props=\"{&quot;335551550&quot;:6,&quot;335551620&quot;:6}\">\u00a0<\/span><\/p>\n<p><span data-contrast=\"auto\">As\u00ed, en el marco del convenio, entre\u00a0las materias que el SII deber\u00e1 informar a la SMA se encuentran\u00a0la\u00a0n\u00f3mina de empresas,\u00a0personas naturales y jur\u00eddicas e informaci\u00f3n cartogr\u00e1fica digital, ente otros. \u202fEstos datos ser\u00e1n utilizados no solo para agilizar las acciones de la SMA con informaci\u00f3n que ya utilizaba en sus fiscalizaciones y procedimientos sancionatorios, sino potenciar sus investigaciones para casos de elusi\u00f3n a la normativa ambiental ampliando su alcance en dichos an\u00e1lisis.<\/span><span data-ccp-props=\"{&quot;335551550&quot;:6,&quot;335551620&quot;:6}\">\u00a0<\/span><\/p>\n<p><span data-contrast=\"auto\">Por su parte, entre las materias que la SMA deber\u00e1 remitir al SII\u00a0est\u00e1n: n\u00f3mina de unidades fiscalizables, fiscalizaciones realizadas, procedimientos sancionatorios, informaci\u00f3n sobre el beneficio econ\u00f3mico obtenido por los sujetos fiscalizados al cometer una infracci\u00f3n, registro de entidades t\u00e9cnicas de fiscalizaci\u00f3n ambiental y cuantificaci\u00f3n anual de emisiones de los establecimientos afectos al impuesto\u00a0verde,\u00a0establecido en el Art\u00edculo 8\u00b0 de la Ley\u00a0N\u00b0\u00a020.780, modificado por la Ley 21.210\u00a0(Reforma Tributaria). Los datos provistos ayudar\u00e1n al SII a potenciar sus acciones de fiscalizaci\u00f3n tributaria con informaci\u00f3n de calidad que la SMA actualiza permanentemente en el marco de sus funciones.<\/span><span data-ccp-props=\"{&quot;335551550&quot;:6,&quot;335551620&quot;:6}\">\u00a0<\/span><\/p>\n<p><span data-contrast=\"auto\">Al respecto, la Superintendenta Marie Claude\u00a0Plumer\u00a0destac\u00f3 la relevancia de este acuerdo, se\u00f1alando que \u201c<\/span><i><span data-contrast=\"auto\">la Superintendencia del Medio Ambiente y el Servicio de Impuestos Internos formalizaron un convenio de colaboraci\u00f3n, coordinado por \u00e1reas clave de ambas entidades, con la finalidad de cruzar datos y mejorar la fiscalizaci\u00f3n ambiental y tributaria. Este es uno de los tantos ejemplos de coordinaci\u00f3n entre instituciones del Estado que hemos impulsado para dotar de mayor eficiencia a nuestros procesos\u201d.<\/span><\/i><span data-ccp-props=\"{&quot;335551550&quot;:6,&quot;335551620&quot;:6}\">\u00a0<\/span><\/p>\n<p><span data-contrast=\"auto\">Por su parte, la\u00a0Directora\u00a0(s) del Servicio Impuestos Internos, Carolina Saravia\u00a0relev\u00f3 que\u00a0<\/span><i><span data-contrast=\"auto\">\u201cen la medida en que, como instituci\u00f3n, contamos con m\u00e1s y mejores fuentes de informaci\u00f3n, como la que estamos logrando a partir de este acuerdo, podemos avanzar en la\u00a0focalizaci\u00f3n\u00a0de nuestras acciones de fiscalizaci\u00f3n en quienes, deliberadamente, buscan no cumplir con sus obligaciones tributarias, afectando con ello la recaudaci\u00f3n fiscal y el bienestar de todos\u201d.<\/span><\/i><span data-ccp-props=\"{&quot;335551550&quot;:6,&quot;335551620&quot;:6}\">\u00a0<\/span><\/p>\n","protected":false},"excerpt":{"rendered":"<p>La alianza tiene por objeto intercambiar informaci\u00f3n\u00a0a fin\u00a0de\u00a0optimizar la eficiencia de\u00a0las\u00a0funciones\u00a0de ambos organismos, manteniendo la estricta confidencialidad de los datos.\u00a0 La Superintendencia del Medio Ambiente (SMA) y el Servicio de Impuestos Internos (SII) suscribieron un convenio\u00a0con la\u00a0finalidad\u00a0de establecer un mecanismo de colaboraci\u00f3n entre ambos organismos p\u00fablicos basado\u00a0en el intercambio de informaci\u00f3n.\u00a0\u00a0 Este intercambio\u00a0-que tiene entre sus <a href=\"https:\/\/portal.sma.gob.cl\/index.php\/superintendencia-del-medio-ambiente-y-sii-firman-convenio-de-colaboracion-para-el-intercambio-de-informacion\/\">Leer m\u00e1s<\/a><\/p>\n","protected":false},"author":19,"featured_media":37254,"comment_status":"open","ping_status":"open","sticky":false,"template":"","format":"standard","meta":{"footnotes":""},"categories":[90,107,225,232,94],"tags":[],"class_list":["post-37256","post","type-post","status-publish","format-standard","has-post-thumbnail","hentry","category-comunicados-noticias","category-destacado","category-macrozona-centro","category-metropolitana","category-notas-noticias"],"_links":{"self":[{"href":"https:\/\/portal.sma.gob.cl\/index.php\/wp-json\/wp\/v2\/posts\/37256","targetHints":{"allow":["GET"]}}],"collection":[{"href":"https:\/\/portal.sma.gob.cl\/index.php\/wp-json\/wp\/v2\/posts"}],"about":[{"href":"https:\/\/portal.sma.gob.cl\/index.php\/wp-json\/wp\/v2\/types\/post"}],"author":[{"embeddable":true,"href":"https:\/\/portal.sma.gob.cl\/index.php\/wp-json\/wp\/v2\/users\/19"}],"replies":[{"embeddable":true,"href":"https:\/\/portal.sma.gob.cl\/index.php\/wp-json\/wp\/v2\/comments?post=37256"}],"version-history":[{"count":2,"href":"https:\/\/portal.sma.gob.cl\/index.php\/wp-json\/wp\/v2\/posts\/37256\/revisions"}],"predecessor-version":[{"id":37258,"href":"https:\/\/portal.sma.gob.cl\/index.php\/wp-json\/wp\/v2\/posts\/37256\/revisions\/37258"}],"wp:featuredmedia":[{"embeddable":true,"href":"https:\/\/portal.sma.gob.cl\/index.php\/wp-json\/wp\/v2\/media\/37254"}],"wp:attachment":[{"href":"https:\/\/portal.sma.gob.cl\/index.php\/wp-json\/wp\/v2\/media?parent=37256"}],"wp:term":[{"taxonomy":"category","embeddable":true,"href":"https:\/\/portal.sma.gob.cl\/index.php\/wp-json\/wp\/v2\/categories?post=37256"},{"taxonomy":"post_tag","embeddable":true,"href":"https:\/\/portal.sma.gob.cl\/index.php\/wp-json\/wp\/v2\/tags?post=37256"}],"curies":[{"name":"wp","href":"https:\/\/api.w.org\/{rel}","templated":true}]}}