{"id":37273,"date":"2025-12-22T15:02:36","date_gmt":"2025-12-22T18:02:36","guid":{"rendered":"https:\/\/portal.sma.gob.cl\/?p=37273"},"modified":"2026-01-06T09:19:51","modified_gmt":"2026-01-06T12:19:51","slug":"valparaiso-sma-formulo-dos-cargos-graves-contra-planta-fotovoltaica-san-marino-solar","status":"publish","type":"post","link":"https:\/\/portal.sma.gob.cl\/index.php\/valparaiso-sma-formulo-dos-cargos-graves-contra-planta-fotovoltaica-san-marino-solar\/","title":{"rendered":"Valpara\u00edso: SMA formul\u00f3 dos cargos graves contra Planta Fotovoltaica San Marino Solar"},"content":{"rendered":"<ul>\n<li><strong>Los cargos corresponden a incumplimientos asociados con la intervenci\u00f3n de suelo fuera de las \u00e1reas autorizadas en el permiso ambiental y con la no ejecuci\u00f3n de la reforestaci\u00f3n comprometida en su plan de manejo.<\/strong><\/li>\n<\/ul>\n<p>La Superintendencia del Medio Ambiente (SMA) formul\u00f3 dos cargos graves contra San Marino Solar SpA, titular de la planta fotovoltaica del mismo nombre, ubicada en la localidad de Catapilco, comuna de Zapallar, Regi\u00f3n de Valpara\u00edso.<\/p>\n<p>El proyecto, que obtuvo una calificaci\u00f3n ambiental favorable en 2021, consiste en una planta de captaci\u00f3n de energ\u00eda solar para su posterior transformaci\u00f3n en electricidad, con el prop\u00f3sito de inyectar aproximadamente 9 MW al Sistema El\u00e9ctrico Nacional, a trav\u00e9s de una l\u00ednea de evacuaci\u00f3n de 13,2 kV y una extensi\u00f3n aproximada de 912 metros.<\/p>\n<p>En marzo, en el marco del Programa de Fiscalizaci\u00f3n 2025 de la Superintendencia, fiscalizadores de la Oficina Regional de la SMA en Valpara\u00edso, junto a personal del Servicio Agr\u00edcola y Ganadero (SAG), realizaron una inspecci\u00f3n ambiental en terreno. Tras las fiscalizaciones y el an\u00e1lisis jur\u00eddico, se resolvi\u00f3 formular dos cargos graves contra el titular del proyecto.<\/p>\n<p>El primer cargo grave se formul\u00f3 luego de constatar la ejecuci\u00f3n de escarpes y el retiro de la capa superficial de suelo durante la fase de construcci\u00f3n en una superficie aproximada de 1,29 hect\u00e1reas en un \u00e1rea no autorizada en su permiso ambiental. Esto, considerando que las actividades de escarpe en etapa de construcci\u00f3n se encontraban estrictamente limitadas a las \u00e1reas de caminos evaluadas, sin implicar afectaci\u00f3n al componente suelo en sectores distintos a dichos trazados.<\/p>\n<p>El segundo cargo grave se imput\u00f3 al verificarse que el titular no ejecut\u00f3 la reforestaci\u00f3n de bosque nativo, conforme al Plan de Manejo de Corta y Reforestaci\u00f3n de Bosques Nativos aprobado por Conaf. El plan contemplaba reforestar una superficie de 1,36 hect\u00e1reas, mediante cinco especies nativas, entre ellas espino, molle, mait\u00e9n y litre, medida que no ha sido ejecutada.<\/p>\n<p>La jefa de la Oficina Regional de Valpara\u00edso, Mar\u00eda Jos\u00e9 Silva, se\u00f1al\u00f3 que \u201c<em>los cargos formulados responden a incumplimientos de las exigencias establecidas en su permiso ambiental, tanto por la intervenci\u00f3n de suelo fuera de las \u00e1reas autorizadas, con la consecuente degradaci\u00f3n f\u00edsica y funcional del terreno, como por el incumplimiento del plan de reforestaci\u00f3n comprometido, asociado a la corta de bosque nativo necesaria para materializar el proyecto\u201d<\/em>.<\/p>\n<p>Desde ahora, el titular cuenta con un plazo de 15 d\u00edas h\u00e1biles para presentar un Programa de Cumplimiento y de 22 d\u00edas h\u00e1biles para formular sus descargos ante la SMA.<\/p>\n<p>Para m\u00e1s detalles de la formulaci\u00f3n de cargos, se puede ingresar al Sistema Nacional de Informaci\u00f3n de Fiscalizaci\u00f3n Ambiental (SNIFA): https:\/\/snifa.sma.gob.cl\/Sancionatorio\/Ficha\/4400<\/p>\n<p>&nbsp;<\/p>\n","protected":false},"excerpt":{"rendered":"<p>Los cargos corresponden a incumplimientos asociados con la intervenci\u00f3n de suelo fuera de las \u00e1reas autorizadas en el permiso ambiental y con la no ejecuci\u00f3n de la reforestaci\u00f3n comprometida en su plan de manejo. La Superintendencia del Medio Ambiente (SMA) formul\u00f3 dos cargos graves contra San Marino Solar SpA, titular de la planta fotovoltaica del mismo <a href=\"https:\/\/portal.sma.gob.cl\/index.php\/valparaiso-sma-formulo-dos-cargos-graves-contra-planta-fotovoltaica-san-marino-solar\/\">Leer m\u00e1s<\/a><\/p>\n","protected":false},"author":19,"featured_media":37274,"comment_status":"open","ping_status":"open","sticky":false,"template":"","format":"standard","meta":{"footnotes":""},"categories":[90,107,225,231],"tags":[],"class_list":["post-37273","post","type-post","status-publish","format-standard","has-post-thumbnail","hentry","category-comunicados-noticias","category-destacado","category-macrozona-centro","category-valparaiso"],"_links":{"self":[{"href":"https:\/\/portal.sma.gob.cl\/index.php\/wp-json\/wp\/v2\/posts\/37273","targetHints":{"allow":["GET"]}}],"collection":[{"href":"https:\/\/portal.sma.gob.cl\/index.php\/wp-json\/wp\/v2\/posts"}],"about":[{"href":"https:\/\/portal.sma.gob.cl\/index.php\/wp-json\/wp\/v2\/types\/post"}],"author":[{"embeddable":true,"href":"https:\/\/portal.sma.gob.cl\/index.php\/wp-json\/wp\/v2\/users\/19"}],"replies":[{"embeddable":true,"href":"https:\/\/portal.sma.gob.cl\/index.php\/wp-json\/wp\/v2\/comments?post=37273"}],"version-history":[{"count":2,"href":"https:\/\/portal.sma.gob.cl\/index.php\/wp-json\/wp\/v2\/posts\/37273\/revisions"}],"predecessor-version":[{"id":37276,"href":"https:\/\/portal.sma.gob.cl\/index.php\/wp-json\/wp\/v2\/posts\/37273\/revisions\/37276"}],"wp:featuredmedia":[{"embeddable":true,"href":"https:\/\/portal.sma.gob.cl\/index.php\/wp-json\/wp\/v2\/media\/37274"}],"wp:attachment":[{"href":"https:\/\/portal.sma.gob.cl\/index.php\/wp-json\/wp\/v2\/media?parent=37273"}],"wp:term":[{"taxonomy":"category","embeddable":true,"href":"https:\/\/portal.sma.gob.cl\/index.php\/wp-json\/wp\/v2\/categories?post=37273"},{"taxonomy":"post_tag","embeddable":true,"href":"https:\/\/portal.sma.gob.cl\/index.php\/wp-json\/wp\/v2\/tags?post=37273"}],"curies":[{"name":"wp","href":"https:\/\/api.w.org\/{rel}","templated":true}]}}