{"id":37279,"date":"2025-12-23T15:25:53","date_gmt":"2025-12-23T18:25:53","guid":{"rendered":"https:\/\/portal.sma.gob.cl\/?p=37279"},"modified":"2025-12-23T15:25:53","modified_gmt":"2025-12-23T18:25:53","slug":"sma-tarapaca-ha-recibido-257-denuncias-por-ruidos-molestos-durante-2025","status":"publish","type":"post","link":"https:\/\/portal.sma.gob.cl\/index.php\/sma-tarapaca-ha-recibido-257-denuncias-por-ruidos-molestos-durante-2025\/","title":{"rendered":"SMA Tarapac\u00e1 ha recibido 257 denuncias por ruidos molestos durante 2025"},"content":{"rendered":"<p>Seg\u00fan datos proporcionados por la\u00a0<mark>Superintendencia del Medio Ambiente<\/mark>\u00a0(<mark>SMA<\/mark>), en lo que va de 2025, en la Regi\u00f3n de Tarapac\u00e1 se ha registrado un total de 257 denuncias por ruidos molestos. En el an\u00e1lisis, este a\u00f1o el sector inmobiliario es la principal fuente de malestar para los vecinos.<\/p>\n<p>Esta tendencia regional se ha materializado en acciones concretas de la autoridad, como la reciente formulaci\u00f3n de cargos contra una constructora en Playa Brava, que arriesga multas de 800 millones de pesos. Asimismo, durante agosto, en el sector El Morro \u2014tras 26 denuncias\u2014 se orden\u00f3 a una empresa de construcci\u00f3n subsanar medidas tras superar los l\u00edmites permitidos de decibeles en zonas residenciales, seg\u00fan el Plan Regulador de Iquique.<\/p>\n<p>Norma de Emisi\u00f3n de Ruidos regula fuentes fijas como industrias, comercios y construcciones, estableciendo l\u00edmites en decibeles para el d\u00eda y la noche.<\/p>\n<p>Valeska Mu\u00f1oz, jefa regional de la\u00a0<mark>SMA<\/mark>, explic\u00f3 que este escenario refleja un cambio dr\u00e1stico en las estad\u00edsticas. &#8220;De las 885 denuncias hist\u00f3ricas por ruido en Tarapac\u00e1, casi un tercio se concentra solo en este a\u00f1o. En este per\u00edodo tuvimos 257 denuncias, de las cuales el sector inmobiliario lidera con 127 ingresos, superando al rubro de equipamiento \u2014restaurantes, bares y centros deportivos\u2014, que suma 108&#8221;, explic\u00f3.<\/p>\n<p>Mu\u00f1oz reconoci\u00f3 que &#8220;el ruido es un contaminante cr\u00edtico que genera estr\u00e9s, altera el sue\u00f1o y puede provocar da\u00f1os auditivos permanentes&#8221;.<\/p>\n<p>&nbsp;<\/p>\n<p>Para leer la nota completa ingresa a https:\/\/www.estrellaiquique.cl\/impresa\/2025\/12\/20\/papel<\/p>\n<p>&nbsp;<\/p>\n","protected":false},"excerpt":{"rendered":"<p>Seg\u00fan datos proporcionados por la\u00a0Superintendencia del Medio Ambiente\u00a0(SMA), en lo que va de 2025, en la Regi\u00f3n de Tarapac\u00e1 se ha registrado un total de 257 denuncias por ruidos molestos. En el an\u00e1lisis, este a\u00f1o el sector inmobiliario es la principal fuente de malestar para los vecinos. Esta tendencia regional se ha materializado en acciones concretas <a href=\"https:\/\/portal.sma.gob.cl\/index.php\/sma-tarapaca-ha-recibido-257-denuncias-por-ruidos-molestos-durante-2025\/\">Leer m\u00e1s<\/a><\/p>\n","protected":false},"author":19,"featured_media":37280,"comment_status":"open","ping_status":"open","sticky":false,"template":"","format":"standard","meta":{"footnotes":""},"categories":[90,224,94],"tags":[],"class_list":["post-37279","post","type-post","status-publish","format-standard","has-post-thumbnail","hentry","category-comunicados-noticias","category-macrozona-norte","category-notas-noticias"],"_links":{"self":[{"href":"https:\/\/portal.sma.gob.cl\/index.php\/wp-json\/wp\/v2\/posts\/37279","targetHints":{"allow":["GET"]}}],"collection":[{"href":"https:\/\/portal.sma.gob.cl\/index.php\/wp-json\/wp\/v2\/posts"}],"about":[{"href":"https:\/\/portal.sma.gob.cl\/index.php\/wp-json\/wp\/v2\/types\/post"}],"author":[{"embeddable":true,"href":"https:\/\/portal.sma.gob.cl\/index.php\/wp-json\/wp\/v2\/users\/19"}],"replies":[{"embeddable":true,"href":"https:\/\/portal.sma.gob.cl\/index.php\/wp-json\/wp\/v2\/comments?post=37279"}],"version-history":[{"count":1,"href":"https:\/\/portal.sma.gob.cl\/index.php\/wp-json\/wp\/v2\/posts\/37279\/revisions"}],"predecessor-version":[{"id":37281,"href":"https:\/\/portal.sma.gob.cl\/index.php\/wp-json\/wp\/v2\/posts\/37279\/revisions\/37281"}],"wp:featuredmedia":[{"embeddable":true,"href":"https:\/\/portal.sma.gob.cl\/index.php\/wp-json\/wp\/v2\/media\/37280"}],"wp:attachment":[{"href":"https:\/\/portal.sma.gob.cl\/index.php\/wp-json\/wp\/v2\/media?parent=37279"}],"wp:term":[{"taxonomy":"category","embeddable":true,"href":"https:\/\/portal.sma.gob.cl\/index.php\/wp-json\/wp\/v2\/categories?post=37279"},{"taxonomy":"post_tag","embeddable":true,"href":"https:\/\/portal.sma.gob.cl\/index.php\/wp-json\/wp\/v2\/tags?post=37279"}],"curies":[{"name":"wp","href":"https:\/\/api.w.org\/{rel}","templated":true}]}}