{"id":37283,"date":"2025-12-23T15:56:25","date_gmt":"2025-12-23T18:56:25","guid":{"rendered":"https:\/\/portal.sma.gob.cl\/?p=37283"},"modified":"2025-12-23T15:56:25","modified_gmt":"2025-12-23T18:56:25","slug":"sma-formula-cargos-contra-lider-por-superacion-a-la-norma-de-emision-de-ruidos-en-supermercado-de-iquique","status":"publish","type":"post","link":"https:\/\/portal.sma.gob.cl\/index.php\/sma-formula-cargos-contra-lider-por-superacion-a-la-norma-de-emision-de-ruidos-en-supermercado-de-iquique\/","title":{"rendered":"SMA formula cargos contra L\u00edder por superaci\u00f3n a la norma de emisi\u00f3n de ruidos en supermercado de Iquique\u00a0"},"content":{"rendered":"<ul>\n<li aria-setsize=\"-1\" data-leveltext=\"\uf0b7\" data-font=\"Symbol\" data-listid=\"2\" data-list-defn-props=\"{&quot;335552541&quot;:1,&quot;335559685&quot;:720,&quot;335559991&quot;:360,&quot;469769226&quot;:&quot;Symbol&quot;,&quot;469769242&quot;:[8226],&quot;469777803&quot;:&quot;left&quot;,&quot;469777804&quot;:&quot;\uf0b7&quot;,&quot;469777815&quot;:&quot;hybridMultilevel&quot;}\" data-aria-posinset=\"1\" data-aria-level=\"1\"><b><span data-contrast=\"auto\">A partir de una inspecci\u00f3n con son\u00f3metro, la SMA verific\u00f3 una superaci\u00f3n de 8 decibeles respecto del l\u00edmite permitido en horario nocturno\u00a0para la zona.<\/span><\/b><span data-ccp-props=\"{}\">\u00a0<\/span><\/li>\n<\/ul>\n<p><span data-contrast=\"auto\">La Superintendencia del Medio Ambiente (SMA) formul\u00f3 un cargo\u00a0leve\u00a0en contra de Administradora de Supermercados Hiper L\u00edder Limitada, en su calidad de titular del establecimiento Supermercado L\u00edder Iquique \u2013 H\u00e9roes de la Concepci\u00f3n, ubicado en la comuna de Iquique, Regi\u00f3n de Tarapac\u00e1.<\/span><span data-ccp-props=\"{&quot;335551550&quot;:6,&quot;335551620&quot;:6}\">\u00a0<\/span><\/p>\n<p><span data-contrast=\"auto\">El procedimiento se inici\u00f3 tras una denuncia ciudadana\u00a0ingresada\u00a0en\u00a0la que se report\u00f3 la\u00a0generaci\u00f3n\u00a0de ruidos molestos asociados, principalmente, a operaciones de carga y descarga, ingreso y circulaci\u00f3n de camiones, sonidos de motor, movimiento de carros, conversaciones de personas y funcionamiento del sistema de aire acondicionado.<\/span><span data-ccp-props=\"{&quot;335551550&quot;:6,&quot;335551620&quot;:6}\">\u00a0<\/span><\/p>\n<p><span data-contrast=\"auto\">En el marco de la investigaci\u00f3n, el 15 de octubre de 2025, fiscalizadores de la Oficina\u00a0Regional de la SMA en Tarapac\u00e1 realizaron una inspecci\u00f3n ambiental en terreno utilizando un son\u00f3metro. En dicha actividad se registr\u00f3 un Nivel de Presi\u00f3n Sonora Corregido de 53 decibles\u00a0en horario nocturno, en condici\u00f3n externa, medido en un receptor sensible emplazado\u00a0en la zona.\u00a0<\/span><span data-ccp-props=\"{&quot;335551550&quot;:6,&quot;335551620&quot;:6}\">\u00a0<\/span><\/p>\n<p><span data-contrast=\"auto\">De\u00a0esta forma, el valor obtenido super\u00f3 el l\u00edmite aplicable de 45\u00a0decibeles\u00a0para el periodo nocturno, lo que representa una excedencia de 8\u00a0decibles.<\/span><span data-ccp-props=\"{&quot;335551550&quot;:6,&quot;335551620&quot;:6}\">\u00a0<\/span><\/p>\n<p><span data-contrast=\"auto\">Cabe destacar que, en Chile, el Decreto Supremo N\u00b038\/2011 del Ministerio del Medio Ambiente regula la emisi\u00f3n de ruidos generados por fuentes fijas, tales como industrias, locales comerciales, construcciones e infraestructuras, entre otras, y establece l\u00edmites m\u00e1ximos de ruido para los periodos diurno y nocturno, los que var\u00edan seg\u00fan la zona donde se ubique el receptor.<\/span><span data-ccp-props=\"{&quot;335551550&quot;:6,&quot;335551620&quot;:6}\">\u00a0<\/span><\/p>\n<p><span data-contrast=\"auto\">Actualmente, la Superintendencia se encuentra analizando el Programa de Cumplimiento presentado por el\u00a0titular\u00a0y las acciones ofrecidas\u00a0con el objeto\u00a0de\u00a0\u00a0retornar\u00a0al\u00a0cumplimiento de la referida norma de emisi\u00f3n.\u00a0.<\/span><span data-ccp-props=\"{&quot;335551550&quot;:6,&quot;335551620&quot;:6}\">\u00a0<\/span><\/p>\n<p><span data-contrast=\"auto\">Para revisar m\u00e1s detalles de la formulaci\u00f3n de cargos y el estado del procedimiento, se puede consultar el Sistema Nacional de Informaci\u00f3n de Fiscalizaci\u00f3n Ambiental (SNIFA) en:<\/span><span data-contrast=\"auto\">\u00a0<\/span><a href=\"https:\/\/snifa.sma.gob.cl\/Sancionatorio\/Ficha\/4357\"><span data-contrast=\"none\">https:\/\/snifa.sma.gob.cl\/Sancionatorio\/Ficha\/4357<\/span><\/a><span data-ccp-props=\"{&quot;335551550&quot;:6,&quot;335551620&quot;:6}\">\u00a0<\/span><\/p>\n","protected":false},"excerpt":{"rendered":"<p>A partir de una inspecci\u00f3n con son\u00f3metro, la SMA verific\u00f3 una superaci\u00f3n de 8 decibeles respecto del l\u00edmite permitido en horario nocturno\u00a0para la zona.\u00a0 La Superintendencia del Medio Ambiente (SMA) formul\u00f3 un cargo\u00a0leve\u00a0en contra de Administradora de Supermercados Hiper L\u00edder Limitada, en su calidad de titular del establecimiento Supermercado L\u00edder Iquique \u2013 H\u00e9roes de la Concepci\u00f3n, <a href=\"https:\/\/portal.sma.gob.cl\/index.php\/sma-formula-cargos-contra-lider-por-superacion-a-la-norma-de-emision-de-ruidos-en-supermercado-de-iquique\/\">Leer m\u00e1s<\/a><\/p>\n","protected":false},"author":19,"featured_media":17854,"comment_status":"open","ping_status":"open","sticky":false,"template":"","format":"standard","meta":{"footnotes":""},"categories":[90,224,94],"tags":[],"class_list":["post-37283","post","type-post","status-publish","format-standard","has-post-thumbnail","hentry","category-comunicados-noticias","category-macrozona-norte","category-notas-noticias"],"_links":{"self":[{"href":"https:\/\/portal.sma.gob.cl\/index.php\/wp-json\/wp\/v2\/posts\/37283","targetHints":{"allow":["GET"]}}],"collection":[{"href":"https:\/\/portal.sma.gob.cl\/index.php\/wp-json\/wp\/v2\/posts"}],"about":[{"href":"https:\/\/portal.sma.gob.cl\/index.php\/wp-json\/wp\/v2\/types\/post"}],"author":[{"embeddable":true,"href":"https:\/\/portal.sma.gob.cl\/index.php\/wp-json\/wp\/v2\/users\/19"}],"replies":[{"embeddable":true,"href":"https:\/\/portal.sma.gob.cl\/index.php\/wp-json\/wp\/v2\/comments?post=37283"}],"version-history":[{"count":1,"href":"https:\/\/portal.sma.gob.cl\/index.php\/wp-json\/wp\/v2\/posts\/37283\/revisions"}],"predecessor-version":[{"id":37284,"href":"https:\/\/portal.sma.gob.cl\/index.php\/wp-json\/wp\/v2\/posts\/37283\/revisions\/37284"}],"wp:featuredmedia":[{"embeddable":true,"href":"https:\/\/portal.sma.gob.cl\/index.php\/wp-json\/wp\/v2\/media\/17854"}],"wp:attachment":[{"href":"https:\/\/portal.sma.gob.cl\/index.php\/wp-json\/wp\/v2\/media?parent=37283"}],"wp:term":[{"taxonomy":"category","embeddable":true,"href":"https:\/\/portal.sma.gob.cl\/index.php\/wp-json\/wp\/v2\/categories?post=37283"},{"taxonomy":"post_tag","embeddable":true,"href":"https:\/\/portal.sma.gob.cl\/index.php\/wp-json\/wp\/v2\/tags?post=37283"}],"curies":[{"name":"wp","href":"https:\/\/api.w.org\/{rel}","templated":true}]}}