{"id":37285,"date":"2025-12-23T16:07:17","date_gmt":"2025-12-23T19:07:17","guid":{"rendered":"https:\/\/portal.sma.gob.cl\/?p=37285"},"modified":"2025-12-23T16:07:17","modified_gmt":"2025-12-23T19:07:17","slug":"los-lagos-sma-formula-cargos-contra-pozo-de-aridos-monrroy-por-elusion-al-seia","status":"publish","type":"post","link":"https:\/\/portal.sma.gob.cl\/index.php\/los-lagos-sma-formula-cargos-contra-pozo-de-aridos-monrroy-por-elusion-al-seia\/","title":{"rendered":"Los Lagos: SMA formula cargos contra pozo de \u00e1ridos Monrroy por elusi\u00f3n al SEIA"},"content":{"rendered":"<ul>\n<li><strong>Fiscalizaciones con dron permitieron constatar la ejecuci\u00f3n de una faena de extracci\u00f3n y procesamiento de \u00e1ridos de escala industrial sin contar con Resoluci\u00f3n de Calificaci\u00f3n Ambiental.<\/strong><\/li>\n<\/ul>\n<p>La Superintendencia del Medio Ambiente (SMA) formul\u00f3 cargos contra Monrroy y Compa\u00f1\u00eda Limitada y Soc Monrroy e Hijos Limitada, titulares de la faena de extracci\u00f3n y procesamiento de \u00e1ridos Pozo de \u00c1ridos Monrroy, ubicada en la comuna de Puerto Montt, provincia de Llanquihue, regi\u00f3n de Los Lagos.<\/p>\n<p>El proyecto cuenta con dos plantas chancadoras para procesar material, adem\u00e1s de maquinaria pesada, mont\u00edculos de \u00e1ridos y sectores de suelo intervenidos producto de la remoci\u00f3n de material.<\/p>\n<p>La faena se emplaza dentro del pol\u00edgono declarado como zona saturada por material particulado MP2,5, sobre el acu\u00edfero R\u00edo Maull\u00edn, y a metros de un conjunto de humedales continentales reconocidos por el Ministerio del Medio Ambiente.<\/p>\n<p>En el marco del Programa de Fiscalizaci\u00f3n de la SMA, en agosto de 2024, fiscalizadores de la Oficina Regional de Los Lagos realizaron una inspecci\u00f3n ambiental a la faena, mediante un levantamiento aerofotogram\u00e9trico con dron, con el objetivo de evidenciar el estado de la extracci\u00f3n de \u00e1ridos desde la UF. Adem\u00e1s, se solicit\u00f3 informaci\u00f3n a la Direcci\u00f3n de Obras Municipales (DOM) de la Municipalidad de Puerto Montt.<\/p>\n<p>Tras las fiscalizaciones y el an\u00e1lisis legal, la SMA formul\u00f3 un cargo grave contra los titulares, al constatar la ejecuci\u00f3n de un proyecto de extracci\u00f3n y procesamiento de \u00e1ridos de dimensiones industriales sin contar con Resoluci\u00f3n de Calificaci\u00f3n Ambiental (RCA), considerando que se verific\u00f3 una extracci\u00f3n superior a 100.000 metros c\u00fabicos totales de material removido durante la vida \u00fatil del proyecto y que el \u00e1rea intervenida abarca una superficie total igual o superior a cinco hect\u00e1reas.<\/p>\n<p>La Jefa de la Oficina Regional de Los Lagos, Ivonne Mansilla, se\u00f1al\u00f3 que:<br \/>\n\u201cA partir del an\u00e1lisis del levantamiento con dron y de los antecedentes recopilados, constatamos la ejecuci\u00f3n de una faena de extracci\u00f3n de \u00e1ridos en pozos a escala industrial. Por ello, el proyecto deb\u00eda ingresar obligatoriamente al SEIA, conforme a la normativa ambiental vigente\u201d.<\/p>\n<p>De acuerdo con la Ley Org\u00e1nica de la Superintendencia del Medio Ambiente (LOSMA), las infracciones graves pueden ser objeto de revocaci\u00f3n de la RCA, clausura o multa de hasta 5.000 Unidades Tributarias Anuales (UTA).<\/p>\n<p>Los titulares tendr\u00e1n un plazo ampliado de 15 d\u00edas h\u00e1biles para presentar un Programa de Cumplimiento y de 22 d\u00edas h\u00e1biles para formular sus descargos.<\/p>\n<p>M\u00e1s informaci\u00f3n en el Sistema Nacional de Informaci\u00f3n de Fiscalizaci\u00f3n Ambiental: <a href=\"https:\/\/snifa.sma.gob.cl\/UnidadFiscalizable\/Ficha\/23302\">https:\/\/snifa.sma.gob.cl\/UnidadFiscalizable\/Ficha\/23302<\/a><\/p>\n","protected":false},"excerpt":{"rendered":"<p>Fiscalizaciones con dron permitieron constatar la ejecuci\u00f3n de una faena de extracci\u00f3n y procesamiento de \u00e1ridos de escala industrial sin contar con Resoluci\u00f3n de Calificaci\u00f3n Ambiental. La Superintendencia del Medio Ambiente (SMA) formul\u00f3 cargos contra Monrroy y Compa\u00f1\u00eda Limitada y Soc Monrroy e Hijos Limitada, titulares de la faena de extracci\u00f3n y procesamiento de \u00e1ridos Pozo <a href=\"https:\/\/portal.sma.gob.cl\/index.php\/los-lagos-sma-formula-cargos-contra-pozo-de-aridos-monrroy-por-elusion-al-seia\/\">Leer m\u00e1s<\/a><\/p>\n","protected":false},"author":19,"featured_media":37286,"comment_status":"open","ping_status":"open","sticky":false,"template":"","format":"standard","meta":{"footnotes":""},"categories":[90,107,226,94],"tags":[],"class_list":["post-37285","post","type-post","status-publish","format-standard","has-post-thumbnail","hentry","category-comunicados-noticias","category-destacado","category-macrozona-sur","category-notas-noticias"],"_links":{"self":[{"href":"https:\/\/portal.sma.gob.cl\/index.php\/wp-json\/wp\/v2\/posts\/37285","targetHints":{"allow":["GET"]}}],"collection":[{"href":"https:\/\/portal.sma.gob.cl\/index.php\/wp-json\/wp\/v2\/posts"}],"about":[{"href":"https:\/\/portal.sma.gob.cl\/index.php\/wp-json\/wp\/v2\/types\/post"}],"author":[{"embeddable":true,"href":"https:\/\/portal.sma.gob.cl\/index.php\/wp-json\/wp\/v2\/users\/19"}],"replies":[{"embeddable":true,"href":"https:\/\/portal.sma.gob.cl\/index.php\/wp-json\/wp\/v2\/comments?post=37285"}],"version-history":[{"count":1,"href":"https:\/\/portal.sma.gob.cl\/index.php\/wp-json\/wp\/v2\/posts\/37285\/revisions"}],"predecessor-version":[{"id":37287,"href":"https:\/\/portal.sma.gob.cl\/index.php\/wp-json\/wp\/v2\/posts\/37285\/revisions\/37287"}],"wp:featuredmedia":[{"embeddable":true,"href":"https:\/\/portal.sma.gob.cl\/index.php\/wp-json\/wp\/v2\/media\/37286"}],"wp:attachment":[{"href":"https:\/\/portal.sma.gob.cl\/index.php\/wp-json\/wp\/v2\/media?parent=37285"}],"wp:term":[{"taxonomy":"category","embeddable":true,"href":"https:\/\/portal.sma.gob.cl\/index.php\/wp-json\/wp\/v2\/categories?post=37285"},{"taxonomy":"post_tag","embeddable":true,"href":"https:\/\/portal.sma.gob.cl\/index.php\/wp-json\/wp\/v2\/tags?post=37285"}],"curies":[{"name":"wp","href":"https:\/\/api.w.org\/{rel}","templated":true}]}}