{"id":37292,"date":"2025-12-29T09:03:03","date_gmt":"2025-12-29T12:03:03","guid":{"rendered":"https:\/\/portal.sma.gob.cl\/?p=37292"},"modified":"2025-12-29T09:06:19","modified_gmt":"2025-12-29T12:06:19","slug":"el-mercurio-destaco-aumento-de-denuncias-a-un-ano-de-la-nueva-norma-luminica","status":"publish","type":"post","link":"https:\/\/portal.sma.gob.cl\/index.php\/el-mercurio-destaco-aumento-de-denuncias-a-un-ano-de-la-nueva-norma-luminica\/","title":{"rendered":"Superintendenta Plumer: &#8220;La contaminaci\u00f3n lum\u00ednica es un problema muchas veces desapercibido, pero que afecta a las personas, los ecosistemas y la calidad de los cielos&#8221;"},"content":{"rendered":"<p>Autor: El Mercurio<\/p>\n<p><em><strong>La Regi\u00f3n Metropolitana encabeza la lista de reclamos ingresados, con 115 acumulados desde el a\u00f1o pasado. Le siguen Coquimbo (76) y Antofagasta (20). La anterior, de 2012, reg\u00eda solo para Antofagasta, Atacama y Coquimbo.<\/strong><\/em><\/p>\n<p>El impacto de la contaminaci\u00f3n lum\u00ednica se manifiesta m\u00e1s all\u00e1 del deterioro que la actividad industrial y humana causa en el brillo de los cielos nocturnos, dificultando la observaci\u00f3n del espacio, lo que en el caso de Chile es particularmente sensible, por ser un pa\u00eds de referencia para la astronom\u00eda.<\/p>\n<p>Y es que este fen\u00f3meno extiende su perjuicio al alterar los h\u00e1bitos de la fauna silvestre, como tambi\u00e9n al da\u00f1ar la salud de la poblaci\u00f3n.<\/p>\n<p>Se trata de una inquietud que ha evidenciado la puesta en marcha de la norma del Ministerio del Medio Ambiente, que entr\u00f3 en vigencia en octubre de 2024, y considera una aplicaci\u00f3n paulatina en el pa\u00eds.<\/p>\n<p>La nueva regulaci\u00f3n ya acumula 282 denuncias, que representan el 70% de todas las registradas con la norma anterior (401), de 2012. Esta \u00faltima norma ambiental reg\u00eda solo para las regiones de Antofagasta, Atacama y Coquimbo; aunque la Superintendencia de Medio Ambiente recib\u00eda tambi\u00e9n de otras zonas.<\/p>\n<p>Tras la implementaci\u00f3n de la nueva norma, la Regi\u00f3n Metropolitana encabeza la mayor cantidad de denuncias (115), considerando las correspondientes a parte de 2024 y este a\u00f1o. Le siguen Coquimbo (76) y Antofagasta (20).<\/p>\n<p>Carlos Guerra, doctor en Biolog\u00eda de la U. de North Texas y acad\u00e9mico de la U. de Antofagasta, describe que la luz nocturna artificial provoca, en regiones nortinas, un perjuicio devastador en aves como la golondrina de mar negra, al igual que la garuma.<\/p>\n<p>\u201cHay que pensar que las especies incursionan en el desierto en la noche o en la madrugada por un tema de radiaci\u00f3n solar. A trav\u00e9s de millones de a\u00f1os aprendieron a manejar las se\u00f1ales naturales de la luz, como la salida del sol o la posici\u00f3n de las estrellas. Pero, de repente, aparece una especie, el homo sapiens, instalando luces artificiales que generan toda una confusi\u00f3n para las aves, como la golondrina de mar, en peligro de extinci\u00f3n\u201d, plantea el experto en fauna silvestre.<\/p>\n<p>\u201cSon miles y miles las que mueren desorientadas por la luz nocturna artificial\u201d, agrega Guerra.<\/p>\n<p>Problema que puede pasar inadvertido<\/p>\n<p>En relaci\u00f3n con el aumento de denuncias, la superintendenta del Medio Ambiente, <strong>Marie Claude Plumer,<\/strong> lo atribuye a una causa directa: \u201cLa nueva norma, que ya lleva m\u00e1s de un a\u00f1o desde su entrada en vigencia, viene a hacerse cargo de una problem\u00e1tica transversal en nuestro pa\u00eds que ya ven\u00edamos evidenciando\u201d, se\u00f1ala la abogada, quien ocupa el cargo desde 2023, tras haber accedido mediante el Sistema de Alta Direcci\u00f3n P\u00fablica.<\/p>\n<p>La autoridad remarca que \u201cla contaminaci\u00f3n lum\u00ednica es un problema muchas veces desapercibido, pero que afecta a la salud de las personas, altera los ecosistemas y la calidad de los cielos nocturnos para la astronom\u00eda y desarrollo cient\u00edfico\u201d.<\/p>\n<p>\u201cEstamos encargados de velar por el cumplimiento de la norma, por lo que estamos fortaleciendo la fiscalizaci\u00f3n en esta materia a trav\u00e9s de un fuerte trabajo preventivo\u201d, a\u00f1ade Plumer.<\/p>\n<p>La norma rige para alumbrados publicitario, deportivo y ornamental. En octubre de 2026 se extender\u00e1 al alumbrado p\u00fablico e industrial.<\/p>\n","protected":false},"excerpt":{"rendered":"<p>Autor: El Mercurio La Regi\u00f3n Metropolitana encabeza la lista de reclamos ingresados, con 115 acumulados desde el a\u00f1o pasado. Le siguen Coquimbo (76) y Antofagasta (20). La anterior, de 2012, reg\u00eda solo para Antofagasta, Atacama y Coquimbo. El impacto de la contaminaci\u00f3n lum\u00ednica se manifiesta m\u00e1s all\u00e1 del deterioro que la actividad industrial y humana causa <a href=\"https:\/\/portal.sma.gob.cl\/index.php\/el-mercurio-destaco-aumento-de-denuncias-a-un-ano-de-la-nueva-norma-luminica\/\">Leer m\u00e1s<\/a><\/p>\n","protected":false},"author":13,"featured_media":33404,"comment_status":"open","ping_status":"open","sticky":false,"template":"","format":"standard","meta":{"footnotes":""},"categories":[90,224],"tags":[],"class_list":["post-37292","post","type-post","status-publish","format-standard","has-post-thumbnail","hentry","category-comunicados-noticias","category-macrozona-norte"],"_links":{"self":[{"href":"https:\/\/portal.sma.gob.cl\/index.php\/wp-json\/wp\/v2\/posts\/37292","targetHints":{"allow":["GET"]}}],"collection":[{"href":"https:\/\/portal.sma.gob.cl\/index.php\/wp-json\/wp\/v2\/posts"}],"about":[{"href":"https:\/\/portal.sma.gob.cl\/index.php\/wp-json\/wp\/v2\/types\/post"}],"author":[{"embeddable":true,"href":"https:\/\/portal.sma.gob.cl\/index.php\/wp-json\/wp\/v2\/users\/13"}],"replies":[{"embeddable":true,"href":"https:\/\/portal.sma.gob.cl\/index.php\/wp-json\/wp\/v2\/comments?post=37292"}],"version-history":[{"count":5,"href":"https:\/\/portal.sma.gob.cl\/index.php\/wp-json\/wp\/v2\/posts\/37292\/revisions"}],"predecessor-version":[{"id":37297,"href":"https:\/\/portal.sma.gob.cl\/index.php\/wp-json\/wp\/v2\/posts\/37292\/revisions\/37297"}],"wp:featuredmedia":[{"embeddable":true,"href":"https:\/\/portal.sma.gob.cl\/index.php\/wp-json\/wp\/v2\/media\/33404"}],"wp:attachment":[{"href":"https:\/\/portal.sma.gob.cl\/index.php\/wp-json\/wp\/v2\/media?parent=37292"}],"wp:term":[{"taxonomy":"category","embeddable":true,"href":"https:\/\/portal.sma.gob.cl\/index.php\/wp-json\/wp\/v2\/categories?post=37292"},{"taxonomy":"post_tag","embeddable":true,"href":"https:\/\/portal.sma.gob.cl\/index.php\/wp-json\/wp\/v2\/tags?post=37292"}],"curies":[{"name":"wp","href":"https:\/\/api.w.org\/{rel}","templated":true}]}}