{"id":37317,"date":"2026-01-07T18:55:30","date_gmt":"2026-01-07T21:55:30","guid":{"rendered":"https:\/\/portal.sma.gob.cl\/?p=37317"},"modified":"2026-01-07T18:55:30","modified_gmt":"2026-01-07T21:55:30","slug":"chile-hace-frente-a-la-triple-crisis-ambiental-revisa-el-reporte-del-estado-del-medio-ambiente-2025","status":"publish","type":"post","link":"https:\/\/portal.sma.gob.cl\/index.php\/chile-hace-frente-a-la-triple-crisis-ambiental-revisa-el-reporte-del-estado-del-medio-ambiente-2025\/","title":{"rendered":"Chile hace frente a la triple crisis ambiental: Revisa el Reporte del Estado del Medio Ambiente 2025"},"content":{"rendered":"<ul>\n<li><em><strong>En el Museo Casa Colorada, en Santiago, la Ministra del Medio Ambiente, Maisa Rojas, <\/strong><\/em><em><strong>present\u00f3 esta herramienta clave para acercar informaci\u00f3n ambiental a la ciudadan\u00eda y <\/strong><\/em><em><strong>apoyar decisiones basadas en evidencia cient\u00edfica. La Superintendenta Marie Claude Plumer fue parte de la actividad, junto a la Directora Ejecutiva del SEA, Valentina Dur\u00e1n, y el Director del SBAP, Aar\u00f3n Cavieres.\u00a0<\/strong><\/em><\/li>\n<\/ul>\n<p>En el Museo Casa Colorada, en Santiago, la ministra del Medio Ambiente, Maisa Rojas, junto a la Directora Ejecutiva del Servicio de Evaluaci\u00f3n Ambiental (SEA), Valentina Dur\u00e1n, la Superintendenta del Medio Ambiente (SMA), Marie Claude Plumer, y el Director del Servicio de Biodiversidad y \u00c1reas Protegidas (SBAP), Aar\u00f3n Cavieres, lanzaron el Reporte del Estado del Medio Ambiente (REMA) 2025, una herramienta clave para acercar informaci\u00f3n ambiental a la ciudadan\u00eda y apoyar decisiones basadas en evidencia cient\u00edfica.<\/p>\n<p>El reporte contempla m\u00e1s de 200 indicadores y aborda temas como: calidad del aire, recursos h\u00eddricos, biodiversidad, cambio clim\u00e1tico y econom\u00eda circular, en respuesta a la triple crisis ambiental de cambio clim\u00e1tico, p\u00e9rdida de biodiversidad y contaminaci\u00f3n.<\/p>\n<p>La presentaci\u00f3n de los principales resultados estuvo a cargo de V\u00edctor Caro, jefe de la Divisi\u00f3n de Informaci\u00f3n y Econom\u00eda Ambiental del MMA, quien expuso los principales indicadores y tendencias clave del reporte. Tras este bloque, la ministra Maisa Rojas moder\u00f3 un conversatorio con las m\u00e1ximas autoridades ambientales\u2014Valentina Dur\u00e1n (SEA), Marie Claude Plumer (SMA) y Aar\u00f3n Cavieres (SBAP)\u2014 para dar cuenta de los avances y desaf\u00edos de la institucionalidad ambiental durante los \u00faltimos cuatro a\u00f1os bajo su administraci\u00f3n.<\/p>\n<p><strong><u>Principales datos del informe<\/u><\/strong><\/p>\n<p><strong>Cambio Clim\u00e1tico\u00a0<\/strong><\/p>\n<p>Chile ya vive los efectos del cambio clim\u00e1tico: las temperaturas extremas han aumentado, las precipitaciones disminuyen y la megasequ\u00eda se prolonga por 15 a\u00f1os, afectando especialmente la zona sur. Este escenario intensifica olas de calor, incendios forestales y presi\u00f3n sobre el agua y los ecosistemas.<\/p>\n<p>En esta l\u00ednea, la ministra Rojas resalt\u00f3 la implementaci\u00f3n de la Ley Marco de Cambio Clim\u00e1tico, con planes sectoriales de mitigaci\u00f3n y adaptaci\u00f3n aprobados en coordinaci\u00f3n con 17 servicios del Estado: \u201cEste esfuerzo sienta las bases para enfrentar la triple crisis con pol\u00edticas robustas y participaci\u00f3n ciudadana. El desaf\u00edo ahora es alinear la inversi\u00f3n p\u00fablica y privada con estos instrumentos para acelerar la acci\u00f3n clim\u00e1tica\u201d, se\u00f1al\u00f3.<\/p>\n<p>Desde el SEA en tanto, la directora Valentina Dur\u00e1n destac\u00f3 que \u201ccomo Servicio de Evaluaci\u00f3n Ambiental, nuestra contribuci\u00f3n en el 2025 ha sido la aprobaci\u00f3n ambiental de m\u00e1s de 41,000 millones de d\u00f3lares en inversi\u00f3n. Son proyectos que demuestren a la sociedad que cumplen con la normativa ambiental y que se hacen cargo de sus impactos ambientales significativos, todo esto con participaci\u00f3n ciudadana\u201d. Agreg\u00f3 que \u201ces nuestra funci\u00f3n legal administrar el sistema de evaluaci\u00f3n de impacto ambiental, asegurando trazabilidad, rendici\u00f3n de cuentas y participaci\u00f3n ciudadana. Pero tambi\u00e9n es nuestra obligaci\u00f3n hacer esto de manera eficiente y con el aporte que hoy nos entrega la tecnolog\u00eda\u201d.<\/p>\n<p>\u201cNuestra funci\u00f3n legal es evaluar los proyectos, asegurando participaci\u00f3n ciudadana, pero tambi\u00e9n en nuestra obligaci\u00f3n hacerlo de manera eficiente. Y por eso estamos modernizando el sistema de evaluaci\u00f3n de impacto ambiental en su plataforma electr\u00f3nica, incorporando inteligencia artificial y una serie de herramientas que nos permiten dar mejor transparencia, un mejor conocimiento del estado del medio ambiente y del impacto de los proyectos en este\u201d, cerr\u00f3 Dur\u00e1n.<\/p>\n<p><strong>Contaminaci\u00f3n: avances y retos\u00a0<\/strong><\/p>\n<p>La ministra reconoci\u00f3 que la contaminaci\u00f3n del aire, agua y suelo sigue siendo uno de los desaf\u00edos m\u00e1s complejos por su impacto en la salud y la existencia de pasivos ambientales. \u201cHemos actualizado planes y normas para sostener mejoras de calidad ambiental y reducir riesgos para la poblaci\u00f3n\u201d, indic\u00f3.<\/p>\n<p>Entre los avances se destacaron: 21 Planes de Prevenci\u00f3n y\/o Descontaminaci\u00f3n atmosf\u00e9rica (PPDA) en 13 regiones entre Antofagasta hasta Ays\u00e9n, que benefician a cerca de 12 millones de personas; la existencia de 9 normas primarias de Calidad del Aire vigentes; la consolidaci\u00f3n de la Ley REP, con metas de recolecci\u00f3n y valorizaci\u00f3n en funcionamiento.\u202f\u202fEntre 2022 y 2025, los sistemas de gesti\u00f3n aumentan de 1 a 34, mientras que los productores adheridos pasan de 1 a 2.757.\u202fAsimismo, se\u202fhan reportado la valorizaci\u00f3n de 215.592 toneladas de envases y embalajes entre 2023 y 2024 y el fortalecimiento de la fiscalizaci\u00f3n para asegurar el cumplimiento de metas y normas.<\/p>\n<p>En este sentido la Superintendenta Marie Claude Plumer hizo hincapi\u00e9 en que \u201cel Reporte del Estado del Medio Ambiente 2025 entrega antecedentes claves sobre los desaf\u00edos ambientales que enfrenta el pa\u00eds. Estos datos confirman que el cumplimiento de la normativa es indispensable para proteger los ecosistemas y la salud de las personas. En ese marco, la Ley REP cumple un rol estrat\u00e9gico al promover una gesti\u00f3n responsable de los residuos y avanzar hacia una econom\u00eda circular. La labor de fiscalizaci\u00f3n de la Superintendencia del Medio Ambiente y el fortalecimiento de la trazabilidad son fundamentales para asegurar que estas obligaciones se cumplan de manera efectiva.\u201d<\/p>\n<p><strong>Biodiversidad: puesta en marcha del SBAP\u00a0<\/strong><\/p>\n<p>Otro hito importante del per\u00edodo es la creaci\u00f3n del Servicio de Biodiversidad y \u00c1reas Protegidas (SBAP), que comenzar\u00e1 a operar en febrero de 2026. \u201cCon el SBAP cerramos una deuda hist\u00f3rica. Hemos aprobado 13 reglamentos y definido 19 nuevas \u00e1reas protegidas, incluida la red de salares, para resguardar ecosistemas estrat\u00e9gicos\u201d, destac\u00f3 Rojas.<\/p>\n<p>Desde el SBAP, su director Aar\u00f3n Cavieres destac\u00f3 que \u201ceste reporte 2025 destaca la instalaci\u00f3n del Servicio de Biodiversidad y \u00c1reas Protegidas, con el cual se completa la institucionalidad ambiental de nuestro pa\u00eds. Esto se traduce, en primer lugar, en que Chile integrar\u00e1 por primera vez todas las \u00e1reas protegidas (AP) del pa\u00eds en un solo sistema articulado de manejo, el Sistema Nacional de \u00c1reas Protegidas. Este incluye las AP terrestres y marinas, p\u00fablicas y privadas, lo que significa que la ciudadan\u00eda podr\u00e1 disfrutar del acceso a un n\u00famero mayor de \u00e1reas protegidas\u201d.<\/p>\n<p>Agreg\u00f3 tambi\u00e9n, que \u201cun tema novedoso aparejado a la creaci\u00f3n del SBAP es el manejo de la biodiversidad fuera de las \u00e1reas protegidas, mediante un conjunto amplio de instrumentos donde la comunidad y el mundo privado con inter\u00e9s en la conservaci\u00f3n tendr\u00e1n un papel importante\u201d.<\/p>\n<p>Por \u00faltimo, el SBAP contar\u00e1 con un sistema robusto de informaci\u00f3n p\u00fablica de buena calidad, ordenada y de f\u00e1cil acceso, sobre las \u00e1reas protegidas y las especies amenazadas, entre otros.<\/p>\n<p>Este reporte reafirma el compromiso de Chile con la acci\u00f3n clim\u00e1tica basada en evidencia cient\u00edfica, la protecci\u00f3n de la biodiversidad y una transici\u00f3n socioecol\u00f3gica justa. M\u00e1s detalles y datos del Reporte del Estado del Medio Ambiente (REMA) en el sitio interactivo <a href=\"http:\/\/sinia.mma.gob.cl\">sinia.mma.gob.cl<\/a><\/p>\n","protected":false},"excerpt":{"rendered":"<p>En el Museo Casa Colorada, en Santiago, la Ministra del Medio Ambiente, Maisa Rojas, present\u00f3 esta herramienta clave para acercar informaci\u00f3n ambiental a la ciudadan\u00eda y apoyar decisiones basadas en evidencia cient\u00edfica. La Superintendenta Marie Claude Plumer fue parte de la actividad, junto a la Directora Ejecutiva del SEA, Valentina Dur\u00e1n, y el Director del SBAP, <a href=\"https:\/\/portal.sma.gob.cl\/index.php\/chile-hace-frente-a-la-triple-crisis-ambiental-revisa-el-reporte-del-estado-del-medio-ambiente-2025\/\">Leer m\u00e1s<\/a><\/p>\n","protected":false},"author":13,"featured_media":37318,"comment_status":"open","ping_status":"open","sticky":false,"template":"","format":"standard","meta":{"footnotes":""},"categories":[90,94],"tags":[],"class_list":["post-37317","post","type-post","status-publish","format-standard","has-post-thumbnail","hentry","category-comunicados-noticias","category-notas-noticias"],"_links":{"self":[{"href":"https:\/\/portal.sma.gob.cl\/index.php\/wp-json\/wp\/v2\/posts\/37317","targetHints":{"allow":["GET"]}}],"collection":[{"href":"https:\/\/portal.sma.gob.cl\/index.php\/wp-json\/wp\/v2\/posts"}],"about":[{"href":"https:\/\/portal.sma.gob.cl\/index.php\/wp-json\/wp\/v2\/types\/post"}],"author":[{"embeddable":true,"href":"https:\/\/portal.sma.gob.cl\/index.php\/wp-json\/wp\/v2\/users\/13"}],"replies":[{"embeddable":true,"href":"https:\/\/portal.sma.gob.cl\/index.php\/wp-json\/wp\/v2\/comments?post=37317"}],"version-history":[{"count":1,"href":"https:\/\/portal.sma.gob.cl\/index.php\/wp-json\/wp\/v2\/posts\/37317\/revisions"}],"predecessor-version":[{"id":37319,"href":"https:\/\/portal.sma.gob.cl\/index.php\/wp-json\/wp\/v2\/posts\/37317\/revisions\/37319"}],"wp:featuredmedia":[{"embeddable":true,"href":"https:\/\/portal.sma.gob.cl\/index.php\/wp-json\/wp\/v2\/media\/37318"}],"wp:attachment":[{"href":"https:\/\/portal.sma.gob.cl\/index.php\/wp-json\/wp\/v2\/media?parent=37317"}],"wp:term":[{"taxonomy":"category","embeddable":true,"href":"https:\/\/portal.sma.gob.cl\/index.php\/wp-json\/wp\/v2\/categories?post=37317"},{"taxonomy":"post_tag","embeddable":true,"href":"https:\/\/portal.sma.gob.cl\/index.php\/wp-json\/wp\/v2\/tags?post=37317"}],"curies":[{"name":"wp","href":"https:\/\/api.w.org\/{rel}","templated":true}]}}