{"id":37377,"date":"2026-01-22T16:36:52","date_gmt":"2026-01-22T19:36:52","guid":{"rendered":"https:\/\/portal.sma.gob.cl\/?p=37377"},"modified":"2026-01-22T16:36:52","modified_gmt":"2026-01-22T19:36:52","slug":"sma-realizo-seminario-sobre-los-requisitos-de-autorizacion-para-auditores-externos-que-realicen-verificacion-de-la-reduccion-absorcion-de-emisiones-en-impuesto-verde","status":"publish","type":"post","link":"https:\/\/portal.sma.gob.cl\/index.php\/sma-realizo-seminario-sobre-los-requisitos-de-autorizacion-para-auditores-externos-que-realicen-verificacion-de-la-reduccion-absorcion-de-emisiones-en-impuesto-verde\/","title":{"rendered":"SMA realiz\u00f3 seminario sobre los requisitos de autorizaci\u00f3n para auditores externos que realicen verificaci\u00f3n de la reducci\u00f3n\/absorci\u00f3n de emisiones en impuesto verde"},"content":{"rendered":"<ul>\n<li><strong>El Webinar estuvo centrado en difundir los contenidos de la Resoluci\u00f3n Exenta N\u00b02540\/2025, que dicta la instrucci\u00f3n general sobre los requisitos que deben cumplir los auditores externos que realicen la verificaci\u00f3n de reducci\u00f3n o absorci\u00f3n de emisiones del contaminante gravado CO<sub>2<\/sub>, en el marco del Decreto Supremo N\u00b04\/2023 del Ministerio del Medio Ambiente (MMA).<\/strong><\/li>\n<\/ul>\n<p>La Superintendencia del Medio Ambiente (SMA) realiz\u00f3 esta ma\u00f1ana un webinar sobre los requisitos de autorizaci\u00f3n para auditores externos en impuesto verde, el cual estuvo centrado en difundir la Resoluci\u00f3n Exenta N\u00b02540\/2025, que dicta la instrucci\u00f3n general sobre los requisitos que deben cumplir los auditores externos que realicen la verificaci\u00f3n de reducci\u00f3n o absorci\u00f3n de emisiones del contaminante gravado CO<sub>2<\/sub>, en el marco del Decreto Supremo N\u00b04\/2023 del Ministerio del Medio Ambiente (MMA). La actividad estuvo liderada por el equipo de Fiscal\u00eda y del Departamento de Entidades T\u00e9cnicas y Laboratorio de la instituci\u00f3n.<\/p>\n<p>Osvaldo de la Fuente, Abogado de la Secci\u00f3n Jur\u00eddica de Fiscal\u00eda de la SMA, moder\u00f3 el webinar y fue el primer expositor, quien dio a conocer el marco legal de esta materia, instancia en la que se explic\u00f3 la l\u00ednea de tiempo sobre la implementaci\u00f3n del D.S. N\u00b04\/2023 MMA. En este punto, se les record\u00f3 a los asistentes que el 29 de septiembre de 2027 dejar\u00e1n de operar los procesos del r\u00e9gimen transitorio y operar\u00e1n s\u00f3lo los auditores externos autorizados por esta Superintendencia.<\/p>\n<p>Adem\u00e1s, de la Fuente detall\u00f3 los requisitos y documentaci\u00f3n legal para solicitar la autorizaci\u00f3n respectiva como, por ejemplo, estar constituido como persona jur\u00eddica de conformidad a la legislaci\u00f3n nacional, debiendo tener dentro de su objeto social o fin, la ejecuci\u00f3n de la actividad de verificaci\u00f3n.<\/p>\n<p>Junto con lo anterior, se dieron a conocer las incompatibilidades e inhabilidades asociadas a la Res. Ex. N\u00b02540\/2025; la vigencia de la autorizaci\u00f3n (por cuatro a\u00f1os la primera); y las materias que son causales de la cancelaci\u00f3n de la autorizaci\u00f3n.<\/p>\n<p>El seminario continu\u00f3 con la exposici\u00f3n de M\u00f3nica Vergara, Encargada de la Secci\u00f3n de Entidades T\u00e9cnicas del Departamento de Entidades T\u00e9cnicas de la SMA, quien dio a conocer los requisitos y documentaci\u00f3n t\u00e9cnica para solicitar la autorizaci\u00f3n.<\/p>\n<p>Entre los requisitos, Vergara explic\u00f3 que los postulantes deben contar con la acreditaci\u00f3n ISO otorgada por INN (NCh-ISO\/IEC17029:2019 y NCh-ISO14065:2021) a nivel nacional, o por un organismo de acreditaci\u00f3n internacional seg\u00fan ISO17029:2019 e ISO 14065:2020 y que cuente con acuerdos de reconocimiento multilateral con IAF (Foro Internacional de Acreditaci\u00f3n); que dentro del alcance de acreditaci\u00f3n se debe incluir a la norma ISO 14064-3:2019 (o NCh-ISO14064\/3:2019) como procedimiento normalizado de verificaci\u00f3n; y contar con un responsable t\u00e9cnico (formaci\u00f3n 80 horas de verificaci\u00f3n, cuantificaci\u00f3n o absorci\u00f3n de emisiones contaminantes).<\/p>\n<p>Y, respecto a la documentaci\u00f3n exigida, los auditores externos deben acreditar copia del certificado de acreditaci\u00f3n vigente y acreditar copia del certificado del curso del responsable t\u00e9cnico, en el que se indique el n\u00famero de horas.<\/p>\n<p>Por \u00faltimo, los expositores detallaron los canales de comunicaci\u00f3n donde los interesados puedan requerir informaci\u00f3n respectiva a esta materia. Tambi\u00e9n, se les inform\u00f3 a los asistentes que se elaborar\u00e1 un documento de preguntas frecuentes, el cual estar\u00e1 disponible pr\u00f3ximamente en el sitio web de la SMA.<\/p>\n<p>Para conocer con mayor detalle los contenidos expuestos durante el seminario, descargar la presentaci\u00f3n en el siguiente link:<\/p>\n<ul>\n<li><span style=\"text-decoration: underline;\"><a href=\"https:\/\/portal.sma.gob.cl\/index.php\/download\/preguntas-frecuentes\/?wpdmdl=37383&amp;masterkey=OGCHvm1aSc8IVG_lEiEzq1NpDwSJYmv4loui25gS6wehzuAkGqJE1XChuSKQhixaglzJp8I4Ydxg3niz5urjSvzIfISbdxtaRR1--56SKAv4\">Preguntas frecuentes<\/a><\/span><\/li>\n<li><span style=\"text-decoration: underline;\"><a href=\"https:\/\/portal.sma.gob.cl\/index.php\/download\/presentacion-requisitos-autorizacion-auditores-externos\/?wpdmdl=37385&amp;masterkey=OoGhycrAE-qHd3GLlWY4TW22GBDnawUzVWErgohMoMGvDXswHXcO7t4rXegHyG9700t3hrNkpjsY8TrKzzZaGVVFDQXQV5qfHxBhseEauu1Q\">Presentaci\u00f3n Requisitos autorizacio\u0301n auditores externos<\/a><\/span><\/li>\n<\/ul>\n<p>&nbsp;<\/p>\n","protected":false},"excerpt":{"rendered":"<p>El Webinar estuvo centrado en difundir los contenidos de la Resoluci\u00f3n Exenta N\u00b02540\/2025, que dicta la instrucci\u00f3n general sobre los requisitos que deben cumplir los auditores externos que realicen la verificaci\u00f3n de reducci\u00f3n o absorci\u00f3n de emisiones del contaminante gravado CO2, en el marco del Decreto Supremo N\u00b04\/2023 del Ministerio del Medio Ambiente (MMA). La Superintendencia <a href=\"https:\/\/portal.sma.gob.cl\/index.php\/sma-realizo-seminario-sobre-los-requisitos-de-autorizacion-para-auditores-externos-que-realicen-verificacion-de-la-reduccion-absorcion-de-emisiones-en-impuesto-verde\/\">Leer m\u00e1s<\/a><\/p>\n","protected":false},"author":8,"featured_media":37379,"comment_status":"open","ping_status":"open","sticky":false,"template":"","format":"standard","meta":{"footnotes":""},"categories":[90,225,232],"tags":[],"class_list":["post-37377","post","type-post","status-publish","format-standard","has-post-thumbnail","hentry","category-comunicados-noticias","category-macrozona-centro","category-metropolitana"],"_links":{"self":[{"href":"https:\/\/portal.sma.gob.cl\/index.php\/wp-json\/wp\/v2\/posts\/37377","targetHints":{"allow":["GET"]}}],"collection":[{"href":"https:\/\/portal.sma.gob.cl\/index.php\/wp-json\/wp\/v2\/posts"}],"about":[{"href":"https:\/\/portal.sma.gob.cl\/index.php\/wp-json\/wp\/v2\/types\/post"}],"author":[{"embeddable":true,"href":"https:\/\/portal.sma.gob.cl\/index.php\/wp-json\/wp\/v2\/users\/8"}],"replies":[{"embeddable":true,"href":"https:\/\/portal.sma.gob.cl\/index.php\/wp-json\/wp\/v2\/comments?post=37377"}],"version-history":[{"count":3,"href":"https:\/\/portal.sma.gob.cl\/index.php\/wp-json\/wp\/v2\/posts\/37377\/revisions"}],"predecessor-version":[{"id":37386,"href":"https:\/\/portal.sma.gob.cl\/index.php\/wp-json\/wp\/v2\/posts\/37377\/revisions\/37386"}],"wp:featuredmedia":[{"embeddable":true,"href":"https:\/\/portal.sma.gob.cl\/index.php\/wp-json\/wp\/v2\/media\/37379"}],"wp:attachment":[{"href":"https:\/\/portal.sma.gob.cl\/index.php\/wp-json\/wp\/v2\/media?parent=37377"}],"wp:term":[{"taxonomy":"category","embeddable":true,"href":"https:\/\/portal.sma.gob.cl\/index.php\/wp-json\/wp\/v2\/categories?post=37377"},{"taxonomy":"post_tag","embeddable":true,"href":"https:\/\/portal.sma.gob.cl\/index.php\/wp-json\/wp\/v2\/tags?post=37377"}],"curies":[{"name":"wp","href":"https:\/\/api.w.org\/{rel}","templated":true}]}}