{"id":37461,"date":"2026-01-28T15:34:06","date_gmt":"2026-01-28T18:34:06","guid":{"rendered":"https:\/\/portal.sma.gob.cl\/?p=37461"},"modified":"2026-01-28T16:05:01","modified_gmt":"2026-01-28T19:05:01","slug":"sma-y-conaf-firman-convenio-de-colaboracion-para-fortalecer-fiscalizacion-ambiental-conjunta","status":"publish","type":"post","link":"https:\/\/portal.sma.gob.cl\/index.php\/sma-y-conaf-firman-convenio-de-colaboracion-para-fortalecer-fiscalizacion-ambiental-conjunta\/","title":{"rendered":"SMA y CONAF firman convenio de colaboraci\u00f3n para fortalecer fiscalizaci\u00f3n ambiental conjunta"},"content":{"rendered":"<ul>\n<li><strong>Alianza estrat\u00e9gica tiene por objeto fortalecer el trabajo conjunto de la fiscalizaci\u00f3n ambiental, a trav\u00e9s de la definici\u00f3n de mecanismos de comunicaci\u00f3n y coordinaci\u00f3n, la definici\u00f3n de los contenidos m\u00ednimos en los reportes y formaliza alianzas en materia t\u00e9cnica y de difusi\u00f3n, bajo las facultades fiscalizadoras de ambos servicios.<\/strong><\/li>\n<\/ul>\n<p>La Superintendencia del Medio Ambiente (SMA) y la Corporaci\u00f3n Nacional Forestal (CONAF) firmaron un convenio de colaboraci\u00f3n con el objetivo de coordinar los procedimientos relativos a la fiscalizaci\u00f3n ambiental. Esto, a trav\u00e9s de la definici\u00f3n conjunta de un mecanismo de entrega de antecedentes y del establecimiento de acuerdos de cooperaci\u00f3n en materias t\u00e9cnicas y de difusi\u00f3n de la fiscalizaci\u00f3n ambiental.<\/p>\n<p>La superintendenta del Medio Ambiente, Marie Claude Plumer, valor\u00f3 la firma del acuerdo y se\u00f1al\u00f3 que \u201ceste acuerdo consolida una forma de trabajo coordinada y planificada entre la SMA y CONAF, que nos permite optimizar la fiscalizaci\u00f3n ambiental en terreno. Al estandarizar procedimientos, ordenar el flujo de informaci\u00f3n y definir roles t\u00e9cnicos claros, avanzamos hacia una vigilancia ambiental m\u00e1s eficaz, evitando duplicidades y fortaleciendo la capacidad del Estado para resguardar los ecosistemas y el cumplimiento de la normativa ambiental en todo el pa\u00eds\u201d.<\/p>\n<p>En tanto que el director ejecutivo de CONAF, Rodrigo Illesca, indic\u00f3 que \u201cla actualizaci\u00f3n de este convenio representa un fortalecimiento del trabajo que ya ven\u00edamos desarrollando con la SMA, incorporando reglas m\u00e1s claras en la coordinaci\u00f3n, intercambio de informaci\u00f3n y colaboraci\u00f3n t\u00e9cnica. Este acuerdo permite una articulaci\u00f3n m\u00e1s oportuna, eficiente y t\u00e9cnicamente robusta entre CONAF y la SMA, constituyendo una fiscalizaci\u00f3n ambiental m\u00e1s eficiente en el territorio\u201d.<\/p>\n<p>&nbsp;<\/p>\n<p><strong>Convenio<\/strong><\/p>\n<p>El nuevo convenio establece un nuevo marco de coordinaci\u00f3n entre la SMA y la CONAF para la ejecuci\u00f3n de actividades de fiscalizaci\u00f3n ambiental, tanto programadas como subprogramadas, con el objetivo de fortalecer la vigilancia en el territorio y optimizar el uso de los recursos p\u00fablicos. En esto, CONAF ejecutar\u00e1 las actividades de acuerdo con las directrices t\u00e9cnicas de la SMA, entregando un reporte t\u00e9cnico con su opini\u00f3n en materias de su competencia.<\/p>\n<p>De la misma forma, el acuerdo refuerza los mecanismos de intercambio de informaci\u00f3n entre ambas instituciones, estableciendo la comunicaci\u00f3n oportuna de posibles infracciones ambientales, elusiones al SEIA y denuncias ciudadanas, de manera rec\u00edproca y coordinada. Adem\u00e1s, se establece que la SMA podr\u00e1 pedir la opini\u00f3n t\u00e9cnica de CONAF en relaci\u00f3n a las medidas que un infractor proponga en el caso de optar por un programa de cumplimiento (una vez que se inicie un procedimiento sancionatorio en su contra).<\/p>\n<p>Finalmente, el acuerdo considera la conformaci\u00f3n de mesas t\u00e9cnicas, la realizaci\u00f3n de capacitaciones conjuntas y el fortalecimiento del intercambio digital de informaci\u00f3n, con el fin de avanzar hacia una fiscalizaci\u00f3n ambiental m\u00e1s eficiente y articulada entre ambas instituciones.<\/p>\n","protected":false},"excerpt":{"rendered":"<p>Alianza estrat\u00e9gica tiene por objeto fortalecer el trabajo conjunto de la fiscalizaci\u00f3n ambiental, a trav\u00e9s de la definici\u00f3n de mecanismos de comunicaci\u00f3n y coordinaci\u00f3n, la definici\u00f3n de los contenidos m\u00ednimos en los reportes y formaliza alianzas en materia t\u00e9cnica y de difusi\u00f3n, bajo las facultades fiscalizadoras de ambos servicios. La Superintendencia del Medio Ambiente (SMA) y <a href=\"https:\/\/portal.sma.gob.cl\/index.php\/sma-y-conaf-firman-convenio-de-colaboracion-para-fortalecer-fiscalizacion-ambiental-conjunta\/\">Leer m\u00e1s<\/a><\/p>\n","protected":false},"author":8,"featured_media":37464,"comment_status":"open","ping_status":"open","sticky":false,"template":"","format":"standard","meta":{"footnotes":""},"categories":[90,107,225,232],"tags":[],"class_list":["post-37461","post","type-post","status-publish","format-standard","has-post-thumbnail","hentry","category-comunicados-noticias","category-destacado","category-macrozona-centro","category-metropolitana"],"_links":{"self":[{"href":"https:\/\/portal.sma.gob.cl\/index.php\/wp-json\/wp\/v2\/posts\/37461","targetHints":{"allow":["GET"]}}],"collection":[{"href":"https:\/\/portal.sma.gob.cl\/index.php\/wp-json\/wp\/v2\/posts"}],"about":[{"href":"https:\/\/portal.sma.gob.cl\/index.php\/wp-json\/wp\/v2\/types\/post"}],"author":[{"embeddable":true,"href":"https:\/\/portal.sma.gob.cl\/index.php\/wp-json\/wp\/v2\/users\/8"}],"replies":[{"embeddable":true,"href":"https:\/\/portal.sma.gob.cl\/index.php\/wp-json\/wp\/v2\/comments?post=37461"}],"version-history":[{"count":2,"href":"https:\/\/portal.sma.gob.cl\/index.php\/wp-json\/wp\/v2\/posts\/37461\/revisions"}],"predecessor-version":[{"id":37467,"href":"https:\/\/portal.sma.gob.cl\/index.php\/wp-json\/wp\/v2\/posts\/37461\/revisions\/37467"}],"wp:featuredmedia":[{"embeddable":true,"href":"https:\/\/portal.sma.gob.cl\/index.php\/wp-json\/wp\/v2\/media\/37464"}],"wp:attachment":[{"href":"https:\/\/portal.sma.gob.cl\/index.php\/wp-json\/wp\/v2\/media?parent=37461"}],"wp:term":[{"taxonomy":"category","embeddable":true,"href":"https:\/\/portal.sma.gob.cl\/index.php\/wp-json\/wp\/v2\/categories?post=37461"},{"taxonomy":"post_tag","embeddable":true,"href":"https:\/\/portal.sma.gob.cl\/index.php\/wp-json\/wp\/v2\/tags?post=37461"}],"curies":[{"name":"wp","href":"https:\/\/api.w.org\/{rel}","templated":true}]}}