{"id":37863,"date":"2026-03-04T11:50:47","date_gmt":"2026-03-04T14:50:47","guid":{"rendered":"https:\/\/portal.sma.gob.cl\/?p=37863"},"modified":"2026-03-04T14:45:13","modified_gmt":"2026-03-04T17:45:13","slug":"sma-y-directemar-firman-convenio-para-fortalecer-la-fiscalizacion-ambiental-maritima","status":"publish","type":"post","link":"https:\/\/portal.sma.gob.cl\/index.php\/sma-y-directemar-firman-convenio-para-fortalecer-la-fiscalizacion-ambiental-maritima\/","title":{"rendered":"SMA y DIRECTEMAR firman convenio para fortalecer la fiscalizaci\u00f3n ambiental mar\u00edtima"},"content":{"rendered":"<ul>\n<li><strong>El acuerdo contempla 12 l\u00edneas de trabajo que buscan consolidar la cooperaci\u00f3n entre ambos organismos. <\/strong><\/li>\n<\/ul>\n<p>La Superintendencia del Medio Ambiente (SMA) y la Direcci\u00f3n General del Territorio Mar\u00edtimo y de Marina Mercante (DIRECTEMAR) suscribieron un convenio de colaboraci\u00f3n destinado a fortalecer la coordinaci\u00f3n t\u00e9cnica y operativa en materia de fiscalizaci\u00f3n ambiental en espacios mar\u00edtimos y cuerpos de agua sometidos a jurisdicci\u00f3n nacional.<\/p>\n<p>A trav\u00e9s de este instrumento, que contempla 12 l\u00edneas de trabajo, se consolida la coordinaci\u00f3n entre ambas instituciones en el marco del modelo de fiscalizaci\u00f3n ambiental, bajo la rector\u00eda t\u00e9cnica de la SMA.<\/p>\n<p>En particular, se refuerza la ejecuci\u00f3n de actividades de fiscalizaci\u00f3n ambiental subprogramadas, formalmente encomendadas a DIRECTEMAR, estableciendo procedimientos claros para su planificaci\u00f3n y desarrollo. incluyendo inspecciones en terreno, ex\u00e1menes de informaci\u00f3n, mediciones, muestreos y an\u00e1lisis, as\u00ed como est\u00e1ndares definidos de reportabilidad mediante expedientes t\u00e9cnicos, conforme a las normas e instrucciones dictadas por la Superintendencia.<\/p>\n<p>El convenio contempla, adem\u00e1s, una coordinaci\u00f3n espec\u00edfica ante situaciones de riesgo para el medio ambiente marino o acu\u00e1tico, definiendo criterios comunes para la evaluaci\u00f3n de la gravedad de los hechos y mecanismos de comunicaci\u00f3n expedita cuando se detecten eventuales incumplimientos que sean de competencia de la SMA.<\/p>\n<p>Adem\u00e1s, el acuerdo establece mecanismos de colaboraci\u00f3n en la aplicaci\u00f3n de Normas de Calidad Ambiental y Normas de Emisi\u00f3n, incluyendo la coordinaci\u00f3n en materias asociadas a descargas de residuos l\u00edquidos, as\u00ed como en la implementaci\u00f3n y control de Normas Primarias y Secundarias de Calidad Ambiental.<\/p>\n<p>Asimismo, se regulan los flujos de informaci\u00f3n relativos a los Permisos Ambientales Sectoriales, incorporando procedimientos de comunicaci\u00f3n formal y coordinaci\u00f3n ante eventuales hip\u00f3tesis de elusi\u00f3n al Sistema de Evaluaci\u00f3n de Impacto Ambiental.<\/p>\n<p>Otro eje central del convenio, es la conformaci\u00f3n de una mesa t\u00e9cnica permanente que actuar\u00e1 como instancia de coordinaci\u00f3n estrat\u00e9gica y operativa, permitiendo revisar la ejecuci\u00f3n de los acuerdos, proponer mejoras, elaborar protocolos espec\u00edficos y fortalecer la interoperabilidad de sistemas y bases de datos.<\/p>\n<p>Finalmente, el acuerdo tambi\u00e9n contempla intercambio de informaci\u00f3n cient\u00edfica y t\u00e9cnica, apoyo log\u00edstico en fiscalizaciones, comodato de equipos especializados y desarrollo de instancias de capacitaci\u00f3n conjunta.<\/p>\n<p>La Superintendenta del Medio Ambiente, Marie Claude Plumer Bodin, destac\u00f3 que<em> \u201ceste acuerdo fortalece la cooperaci\u00f3n efectiva entre DIRECTEMAR y la SMA, mejora nuestra capacidad de anticipaci\u00f3n frente a riesgos y optimiza la gesti\u00f3n de contingencias, permiti\u00e9ndonos entregar una respuesta m\u00e1s oportuna y eficaz ante emergencias ambientales, resguardando los ecosistemas y la salud de las personas\u201d.<\/em><\/p>\n","protected":false},"excerpt":{"rendered":"<p>El acuerdo contempla 12 l\u00edneas de trabajo que buscan consolidar la cooperaci\u00f3n entre ambos organismos. La Superintendencia del Medio Ambiente (SMA) y la Direcci\u00f3n General del Territorio Mar\u00edtimo y de Marina Mercante (DIRECTEMAR) suscribieron un convenio de colaboraci\u00f3n destinado a fortalecer la coordinaci\u00f3n t\u00e9cnica y operativa en materia de fiscalizaci\u00f3n ambiental en espacios mar\u00edtimos y cuerpos <a href=\"https:\/\/portal.sma.gob.cl\/index.php\/sma-y-directemar-firman-convenio-para-fortalecer-la-fiscalizacion-ambiental-maritima\/\">Leer m\u00e1s<\/a><\/p>\n","protected":false},"author":19,"featured_media":37870,"comment_status":"open","ping_status":"open","sticky":false,"template":"","format":"standard","meta":{"footnotes":""},"categories":[90,94],"tags":[],"class_list":["post-37863","post","type-post","status-publish","format-standard","has-post-thumbnail","hentry","category-comunicados-noticias","category-notas-noticias"],"_links":{"self":[{"href":"https:\/\/portal.sma.gob.cl\/index.php\/wp-json\/wp\/v2\/posts\/37863","targetHints":{"allow":["GET"]}}],"collection":[{"href":"https:\/\/portal.sma.gob.cl\/index.php\/wp-json\/wp\/v2\/posts"}],"about":[{"href":"https:\/\/portal.sma.gob.cl\/index.php\/wp-json\/wp\/v2\/types\/post"}],"author":[{"embeddable":true,"href":"https:\/\/portal.sma.gob.cl\/index.php\/wp-json\/wp\/v2\/users\/19"}],"replies":[{"embeddable":true,"href":"https:\/\/portal.sma.gob.cl\/index.php\/wp-json\/wp\/v2\/comments?post=37863"}],"version-history":[{"count":1,"href":"https:\/\/portal.sma.gob.cl\/index.php\/wp-json\/wp\/v2\/posts\/37863\/revisions"}],"predecessor-version":[{"id":37868,"href":"https:\/\/portal.sma.gob.cl\/index.php\/wp-json\/wp\/v2\/posts\/37863\/revisions\/37868"}],"wp:featuredmedia":[{"embeddable":true,"href":"https:\/\/portal.sma.gob.cl\/index.php\/wp-json\/wp\/v2\/media\/37870"}],"wp:attachment":[{"href":"https:\/\/portal.sma.gob.cl\/index.php\/wp-json\/wp\/v2\/media?parent=37863"}],"wp:term":[{"taxonomy":"category","embeddable":true,"href":"https:\/\/portal.sma.gob.cl\/index.php\/wp-json\/wp\/v2\/categories?post=37863"},{"taxonomy":"post_tag","embeddable":true,"href":"https:\/\/portal.sma.gob.cl\/index.php\/wp-json\/wp\/v2\/tags?post=37863"}],"curies":[{"name":"wp","href":"https:\/\/api.w.org\/{rel}","templated":true}]}}