{"id":37960,"date":"2026-03-10T11:51:55","date_gmt":"2026-03-10T14:51:55","guid":{"rendered":"https:\/\/portal.sma.gob.cl\/?p=37960"},"modified":"2026-03-10T15:32:48","modified_gmt":"2026-03-10T18:32:48","slug":"sma-lanza-nuevo-sitio-web-dedicado-al-seguimiento-ambiental-en-concon-quintero-y-puchuncavi","status":"publish","type":"post","link":"https:\/\/portal.sma.gob.cl\/index.php\/sma-lanza-nuevo-sitio-web-dedicado-al-seguimiento-ambiental-en-concon-quintero-y-puchuncavi\/","title":{"rendered":"SMA lanza nuevo sitio web dedicado al seguimiento ambiental en Conc\u00f3n, Quintero y Puchuncav\u00ed"},"content":{"rendered":"<ul>\n<li><em>Adem\u00e1s, la instituci\u00f3n public\u00f3 el &#8220;Informe de resultados del monitoreo de compuestos org\u00e1nicos vol\u00e1tiles en aire\u201d del a\u00f1o 2025.<\/em><\/li>\n<\/ul>\n<p>La Superintendencia del Medio Ambiente (SMA) anunci\u00f3 hoy el lanzamiento del nuevo sitio web <a href=\"http:\/\/cqp.sma.gob.cl\">cqp.sma.gob.cl,<\/a> un portal especializado para difundir las acciones, resultados y el trabajo desarrollado en el marco de la estrategia de fiscalizaci\u00f3n y seguimiento ambiental en el cord\u00f3n industrial de Conc\u00f3n, Quintero y Puchuncav\u00ed (CQP).<\/p>\n<p>Este espacio digital busca fortalecer la transparencia activa y la disponibilidad de informaci\u00f3n p\u00fablica, en una zona que presenta desaf\u00edos en materia de calidad del aire y control de emisiones.<\/p>\n<p>La plataforma permite, por ejemplo, revisar en tiempo real el monitoreo de Compuestos Org\u00e1nicos Vol\u00e1tiles (COVs) presentes en el aire, espec\u00edficamente benceno, tolueno, etilbenceno y xileno (BTEX), medidos por los equipos PyxisGC de la SMA instalados en las comunas de Conc\u00f3n, Quintero y Puchuncav\u00ed.<\/p>\n<p><img decoding=\"async\" class=\" wp-image-37749 alignleft\" src=\"https:\/\/portal.sma.gob.cl\/wp-content\/uploads\/2026\/02\/detalle-300x229.jpeg\" alt=\"\" width=\"372\" height=\"284\" srcset=\"https:\/\/portal.sma.gob.cl\/wp-content\/uploads\/2026\/02\/detalle-200x153.jpeg 200w, https:\/\/portal.sma.gob.cl\/wp-content\/uploads\/2026\/02\/detalle-300x229.jpeg 300w, https:\/\/portal.sma.gob.cl\/wp-content\/uploads\/2026\/02\/detalle-400x306.jpeg 400w, https:\/\/portal.sma.gob.cl\/wp-content\/uploads\/2026\/02\/detalle-600x459.jpeg 600w, https:\/\/portal.sma.gob.cl\/wp-content\/uploads\/2026\/02\/detalle.jpeg 768w\" sizes=\"(max-width: 372px) 100vw, 372px\" \/>Adem\u00e1s, es posible visualizar, a trav\u00e9s de un mapa interactivo, la calidad del aire registrada por la red de monitoreo del Ministerio del Medio Ambiente (MMA), presentando los contaminantes normados como di\u00f3xido de azufre (SO\u2082), di\u00f3xido de nitr\u00f3geno (NO\u2082), mon\u00f3xido de carbono (CO), ozono (O\u2083), material particulado grueso (MP\u2081\u2080) y material particulado fino (MP\u2082,\u2085).<\/p>\n<p>Asimismo, el sitio entrega documentaci\u00f3n relevante asociada a la gesti\u00f3n de la SMA en Conc\u00f3n, Quintero y Puchuncav\u00ed; minutas diarias con informaci\u00f3n actualizada sobre la calidad del aire en la zona; y noticias relacionadas con la implementaci\u00f3n y fiscalizaci\u00f3n del PPDA.<\/p>\n<p>Al respecto, la Superintendenta Marie Claude Plumer relev\u00f3 que <em>\u201cen este portal se refleja que continuamos robusteciendo nuestra capacidad de vigilancia en este cord\u00f3n industrial con tecnolog\u00eda de punta, como los equipos PyxisGC que operan 24\/7. El nuevo sitio web disponibiliza estos datos, y a su vez intrega los resultados de nuestro \u00faltimo informe de COVs, donde identificamos con precisi\u00f3n los puntos de mayor complejidad t\u00e9cnica\u201d. <\/em><\/p>\n<p><em>\u201cEsta vigilancia continua nos permite tomar decisiones basadas en evidencia para asegurar el cumplimiento normativo en la zona de Conc\u00f3n, Quintero y Puchuncav\u00ed\u201d, <\/em>agreg\u00f3<em>.<\/em><\/p>\n<h2><strong>Informe de muestreos 2025<\/strong><\/h2>\n<p>Junto con esta nueva plataforma digital, la instituci\u00f3n tambi\u00e9n public\u00f3 el \u201cInforme de resultados del monitoreo de compuestos org\u00e1nicos vol\u00e1tiles en aire\u201d realizados durante el a\u00f1o 2025, el cual, fue ejecutado por el Laboratorio de la SMA y por la Delegaci\u00f3n Quintero-Puchuncav\u00ed de la Oficina Regional de Valpara\u00edso.<\/p>\n<p>El programa abarc\u00f3 31 puntos de muestreo y medici\u00f3n a trav\u00e9s de las siguientes estrategias de monitoreo: campa\u00f1a de muestreo pasivo urbano e industrial con tubos adsorbentes, mediciones continuas de BTEX con equipos PyxisGC y muestreo puntual con canister.<\/p>\n<p>Respecto a la campa\u00f1a de muestreo pasivo urbano, los monitoreos en esta zona muestran que las concentraciones de benceno presentan en valores promedio globales menores a 1,00 .<\/p>\n<p>Por su parte, las mediciones con equipos PyxisGC arrojaron un promedio global de benceno de 0,5 .<\/p>\n<h2><strong>Acciones SMA en CQP<\/strong><\/h2>\n<p>En los \u00faltimos a\u00f1os, la Superintendencia del Medio Ambiente ha intensificado su trabajo en el territorio, fortaleciendo sus capacidades t\u00e9cnicas y de fiscalizaci\u00f3n de las actividades industriales presentes en la zona.<\/p>\n<p><img decoding=\"async\" class=\" wp-image-37753 alignright\" src=\"https:\/\/portal.sma.gob.cl\/wp-content\/uploads\/2026\/02\/1cqp-300x222.jpeg\" alt=\"\" width=\"376\" height=\"278\" srcset=\"https:\/\/portal.sma.gob.cl\/wp-content\/uploads\/2026\/02\/1cqp-200x148.jpeg 200w, https:\/\/portal.sma.gob.cl\/wp-content\/uploads\/2026\/02\/1cqp-300x222.jpeg 300w, https:\/\/portal.sma.gob.cl\/wp-content\/uploads\/2026\/02\/1cqp-400x296.jpeg 400w, https:\/\/portal.sma.gob.cl\/wp-content\/uploads\/2026\/02\/1cqp-600x444.jpeg 600w, https:\/\/portal.sma.gob.cl\/wp-content\/uploads\/2026\/02\/1cqp-768x568.jpeg 768w, https:\/\/portal.sma.gob.cl\/wp-content\/uploads\/2026\/02\/1cqp-800x591.jpeg 800w, https:\/\/portal.sma.gob.cl\/wp-content\/uploads\/2026\/02\/1cqp-1024x757.jpeg 1024w, https:\/\/portal.sma.gob.cl\/wp-content\/uploads\/2026\/02\/1cqp.jpeg 1200w\" sizes=\"(max-width: 376px) 100vw, 376px\" \/>La estrategia de la SMA considera inspecciones en terreno, revisi\u00f3n de antecedentes t\u00e9cnicos y verificaci\u00f3n del cumplimiento de las obligaciones establecidas en las Resoluciones de Calificaci\u00f3n Ambiental (RCA) y en el Plan de Prevenci\u00f3n y Descontaminaci\u00f3n Atmosf\u00e9rica (PPDA). Estas acciones combinan herramientas preventivas y sancionatorias para asegurar el cumplimiento normativo y resguardar la salud de la poblaci\u00f3n.<\/p>\n<p>En paralelo, se ha reforzado el monitoreo de la calidad del aire, con supervisi\u00f3n de estaciones oficiales y mediciones complementarias de contaminantes como di\u00f3xido de azufre (SO\u2082), di\u00f3xido de nitr\u00f3geno (NO\u2082), mon\u00f3xido de carbono (CO), ozono (O\u2083), material particulado y compuestos org\u00e1nicos vol\u00e1tiles (COVs), permitiendo contar con informaci\u00f3n t\u00e9cnica para la toma de decisiones ante eventuales episodios ambientales.<\/p>\n<p>Un eje central de este fortalecimiento ha sido el Laboratorio de la SMA, que ha incorporado tecnolog\u00eda y nuevas capacidades anal\u00edticas para respaldar la fiscalizaci\u00f3n en terreno. Actualmente se cuenta con 8 equipos Pyxis instalados en puntos estrat\u00e9gicos de las tres comunas, tres en estaciones de monitoreo y cinco en establecimientos educacionales, que permiten medir en tiempo real compuestos BTEX (benceno, tolueno, etilbenceno y xileno), operando como un sistema de vigilancia 24\/7 en la zona. Adicionalmente, se dispone de 20 puntos de muestreo con tubos pasivos, configurados para exposiciones de dos semanas, lo que permite identificar y cuantificar una amplia gama de compuestos org\u00e1nicos en el aire.<\/p>\n","protected":false},"excerpt":{"rendered":"<p>Adem\u00e1s, la instituci\u00f3n public\u00f3 el &#8220;Informe de resultados del monitoreo de compuestos org\u00e1nicos vol\u00e1tiles en aire\u201d del a\u00f1o 2025. La Superintendencia del Medio Ambiente (SMA) anunci\u00f3 hoy el lanzamiento del nuevo sitio web cqp.sma.gob.cl, un portal especializado para difundir las acciones, resultados y el trabajo desarrollado en el marco de la estrategia de fiscalizaci\u00f3n y seguimiento <a href=\"https:\/\/portal.sma.gob.cl\/index.php\/sma-lanza-nuevo-sitio-web-dedicado-al-seguimiento-ambiental-en-concon-quintero-y-puchuncavi\/\">Leer m\u00e1s<\/a><\/p>\n","protected":false},"author":13,"featured_media":37971,"comment_status":"open","ping_status":"open","sticky":false,"template":"","format":"standard","meta":{"footnotes":""},"categories":[90,277,107],"tags":[],"class_list":["post-37960","post","type-post","status-publish","format-standard","has-post-thumbnail","hentry","category-comunicados-noticias","category-concon-quintero-y-puchuncavi","category-destacado"],"_links":{"self":[{"href":"https:\/\/portal.sma.gob.cl\/index.php\/wp-json\/wp\/v2\/posts\/37960","targetHints":{"allow":["GET"]}}],"collection":[{"href":"https:\/\/portal.sma.gob.cl\/index.php\/wp-json\/wp\/v2\/posts"}],"about":[{"href":"https:\/\/portal.sma.gob.cl\/index.php\/wp-json\/wp\/v2\/types\/post"}],"author":[{"embeddable":true,"href":"https:\/\/portal.sma.gob.cl\/index.php\/wp-json\/wp\/v2\/users\/13"}],"replies":[{"embeddable":true,"href":"https:\/\/portal.sma.gob.cl\/index.php\/wp-json\/wp\/v2\/comments?post=37960"}],"version-history":[{"count":8,"href":"https:\/\/portal.sma.gob.cl\/index.php\/wp-json\/wp\/v2\/posts\/37960\/revisions"}],"predecessor-version":[{"id":37995,"href":"https:\/\/portal.sma.gob.cl\/index.php\/wp-json\/wp\/v2\/posts\/37960\/revisions\/37995"}],"wp:featuredmedia":[{"embeddable":true,"href":"https:\/\/portal.sma.gob.cl\/index.php\/wp-json\/wp\/v2\/media\/37971"}],"wp:attachment":[{"href":"https:\/\/portal.sma.gob.cl\/index.php\/wp-json\/wp\/v2\/media?parent=37960"}],"wp:term":[{"taxonomy":"category","embeddable":true,"href":"https:\/\/portal.sma.gob.cl\/index.php\/wp-json\/wp\/v2\/categories?post=37960"},{"taxonomy":"post_tag","embeddable":true,"href":"https:\/\/portal.sma.gob.cl\/index.php\/wp-json\/wp\/v2\/tags?post=37960"}],"curies":[{"name":"wp","href":"https:\/\/api.w.org\/{rel}","templated":true}]}}