{"id":38060,"date":"2026-04-01T13:39:47","date_gmt":"2026-04-01T16:39:47","guid":{"rendered":"https:\/\/portal.sma.gob.cl\/?p=38060"},"modified":"2026-04-01T14:56:56","modified_gmt":"2026-04-01T17:56:56","slug":"sma-inicia-fiscalizacion-de-episodios-criticos-en-los-planes-de-descontaminacion-desde-el-maule-hasta-aysen","status":"publish","type":"post","link":"https:\/\/portal.sma.gob.cl\/index.php\/sma-inicia-fiscalizacion-de-episodios-criticos-en-los-planes-de-descontaminacion-desde-el-maule-hasta-aysen\/","title":{"rendered":"SMA inicia fiscalizaci\u00f3n de episodios cr\u00edticos en los Planes de Descontaminaci\u00f3n desde el Maule hasta Ays\u00e9n"},"content":{"rendered":"<ul>\n<li><strong>Comercio de le\u00f1a seca, uso de artefactos a le\u00f1a en establecimientos comerciales y \u00f3rganos del Estado y verificaci\u00f3n de emisiones en calderas industriales y de calefacci\u00f3n, son las principales actividades que la SMA fiscalizar\u00e1 durante el per\u00edodo de Gesti\u00f3n de Episodios Cr\u00edticos (GEC), que se extiende desde el 1 de abril hasta septiembre en los PPDA del centro y sur del pa\u00eds.<\/strong><\/li>\n<\/ul>\n<p>Este 1 de abril comienza el per\u00edodo de Gesti\u00f3n de Episodios Cr\u00edticos (GEC), en el marco de los Planes de Prevenci\u00f3n y Descontaminaci\u00f3n Atmosf\u00e9rica (PPDA) vigentes entre las regiones del Maule y Ays\u00e9n, los que \u2014en su mayor\u00eda\u2014 se extender\u00e1n hasta septiembre. En este contexto, la Superintendencia del Medio Ambiente (SMA) es la encargada de dictar los Programas de Fiscalizaci\u00f3n para estas regiones, donde se establecen las prioridades y estrategias que guiar\u00e1n la labor de los distintos servicios p\u00fablicos durante este periodo.<\/p>\n<p><img decoding=\"async\" class=\" wp-image-20467 alignright\" src=\"https:\/\/portal.sma.gob.cl\/wp-content\/uploads\/2020\/04\/SMA-activa-fiscalizaci\u00f3n-a-planes-de-descontaminaci\u00f3n-del-Gran-Concepci\u00f3n-y-Los-\u00c1ngeles-con-especial-foco-en-fuentes-fijas-y-le\u00f1a-A-300x175.jpg\" alt=\"\" width=\"343\" height=\"200\" srcset=\"https:\/\/portal.sma.gob.cl\/wp-content\/uploads\/2020\/04\/SMA-activa-fiscalizaci\u00f3n-a-planes-de-descontaminaci\u00f3n-del-Gran-Concepci\u00f3n-y-Los-\u00c1ngeles-con-especial-foco-en-fuentes-fijas-y-le\u00f1a-A-200x116.jpg 200w, https:\/\/portal.sma.gob.cl\/wp-content\/uploads\/2020\/04\/SMA-activa-fiscalizaci\u00f3n-a-planes-de-descontaminaci\u00f3n-del-Gran-Concepci\u00f3n-y-Los-\u00c1ngeles-con-especial-foco-en-fuentes-fijas-y-le\u00f1a-A-300x175.jpg 300w, https:\/\/portal.sma.gob.cl\/wp-content\/uploads\/2020\/04\/SMA-activa-fiscalizaci\u00f3n-a-planes-de-descontaminaci\u00f3n-del-Gran-Concepci\u00f3n-y-Los-\u00c1ngeles-con-especial-foco-en-fuentes-fijas-y-le\u00f1a-A-400x233.jpg 400w, https:\/\/portal.sma.gob.cl\/wp-content\/uploads\/2020\/04\/SMA-activa-fiscalizaci\u00f3n-a-planes-de-descontaminaci\u00f3n-del-Gran-Concepci\u00f3n-y-Los-\u00c1ngeles-con-especial-foco-en-fuentes-fijas-y-le\u00f1a-A-600x349.jpg 600w, https:\/\/portal.sma.gob.cl\/wp-content\/uploads\/2020\/04\/SMA-activa-fiscalizaci\u00f3n-a-planes-de-descontaminaci\u00f3n-del-Gran-Concepci\u00f3n-y-Los-\u00c1ngeles-con-especial-foco-en-fuentes-fijas-y-le\u00f1a-A-768x447.jpg 768w, https:\/\/portal.sma.gob.cl\/wp-content\/uploads\/2020\/04\/SMA-activa-fiscalizaci\u00f3n-a-planes-de-descontaminaci\u00f3n-del-Gran-Concepci\u00f3n-y-Los-\u00c1ngeles-con-especial-foco-en-fuentes-fijas-y-le\u00f1a-A-800x465.jpg 800w, https:\/\/portal.sma.gob.cl\/wp-content\/uploads\/2020\/04\/SMA-activa-fiscalizaci\u00f3n-a-planes-de-descontaminaci\u00f3n-del-Gran-Concepci\u00f3n-y-Los-\u00c1ngeles-con-especial-foco-en-fuentes-fijas-y-le\u00f1a-A-1024x596.jpg 1024w, https:\/\/portal.sma.gob.cl\/wp-content\/uploads\/2020\/04\/SMA-activa-fiscalizaci\u00f3n-a-planes-de-descontaminaci\u00f3n-del-Gran-Concepci\u00f3n-y-Los-\u00c1ngeles-con-especial-foco-en-fuentes-fijas-y-le\u00f1a-A.jpg 1100w\" sizes=\"(max-width: 343px) 100vw, 343px\" \/><\/p>\n<p>Los 9 planes que inician hoy sus periodos GEC corresponden a las zonas de: Talca-Maule, Valle Central de la Provincia de Curic\u00f3, Chill\u00e1n-Chill\u00e1n Viejo, Los \u00c1ngeles, Concepci\u00f3n Metropolitano, Temuco-Padre Las Casas, Valdivia, Osorno y Coyhaique.<\/p>\n<p>En relaci\u00f3n a esto, la Superintendenta (s) Claudia Pastore explic\u00f3 que <em>\u201cparte del rol de la Superintendencia del Medio Ambiente es la fiscalizaci\u00f3n de una serie de medidas y acciones preventivas que tienen como objetivo controlar las emisiones a la atm\u00f3sfera de material particulado durante el periodo en donde, por razones meteorol\u00f3gicas, se podr\u00edan presentar episodios de contaminaci\u00f3n atmosf\u00e9rica\u201d.<\/em><\/p>\n<p><img decoding=\"async\" class=\"size-medium wp-image-20357 alignleft\" src=\"https:\/\/portal.sma.gob.cl\/wp-content\/uploads\/2020\/04\/Fiscalizaci\u00f3n-le\u00f1a-Pomaire-web-300x175.jpg\" alt=\"\" width=\"300\" height=\"175\" srcset=\"https:\/\/portal.sma.gob.cl\/wp-content\/uploads\/2020\/04\/Fiscalizaci\u00f3n-le\u00f1a-Pomaire-web-200x116.jpg 200w, https:\/\/portal.sma.gob.cl\/wp-content\/uploads\/2020\/04\/Fiscalizaci\u00f3n-le\u00f1a-Pomaire-web-300x175.jpg 300w, https:\/\/portal.sma.gob.cl\/wp-content\/uploads\/2020\/04\/Fiscalizaci\u00f3n-le\u00f1a-Pomaire-web-400x233.jpg 400w, https:\/\/portal.sma.gob.cl\/wp-content\/uploads\/2020\/04\/Fiscalizaci\u00f3n-le\u00f1a-Pomaire-web-600x349.jpg 600w, https:\/\/portal.sma.gob.cl\/wp-content\/uploads\/2020\/04\/Fiscalizaci\u00f3n-le\u00f1a-Pomaire-web-768x447.jpg 768w, https:\/\/portal.sma.gob.cl\/wp-content\/uploads\/2020\/04\/Fiscalizaci\u00f3n-le\u00f1a-Pomaire-web-800x465.jpg 800w, https:\/\/portal.sma.gob.cl\/wp-content\/uploads\/2020\/04\/Fiscalizaci\u00f3n-le\u00f1a-Pomaire-web-1024x596.jpg 1024w, https:\/\/portal.sma.gob.cl\/wp-content\/uploads\/2020\/04\/Fiscalizaci\u00f3n-le\u00f1a-Pomaire-web.jpg 1100w\" sizes=\"(max-width: 300px) 100vw, 300px\" \/><\/p>\n<p><em>\u201cPor esta raz\u00f3n, resulta fundamental llamar al cumplimiento ambiental de todos los titulares afectos a estas medidas adicionales de control de contaminaci\u00f3n y recordar que, de presentarse episodios de preemergencia y emergencia, algunos establecimientos que cuenten con fuentes emisoras que no acrediten cumplimiento de l\u00edmites de emisi\u00f3n, deben paralizar sus fuentes cuando as\u00ed lo exijan los planes, como es el caso de Concepci\u00f3n, Curic\u00f3, Valdivia y Los \u00c1ngeles\u201d, agreg\u00f3.<\/em><\/p>\n<p>Durante el periodo GEC la SMA intensifica las actividades de fiscalizaci\u00f3n cuando se decretan per\u00edodos de alerta, premergencia y emergencia. Entre las principales acciones que realizase encuentran:<\/p>\n<ul>\n<li>Verificar el cumplimiento de los l\u00edmites de emisi\u00f3n de contaminantes en fuentes fijas.<\/li>\n<li>Verificar que quienes comercialicen le\u00f1a, se ajusten a las exigencias establecidas en los planes, esto es, verificar la humedad de le\u00f1a, la existencia de xilohigr\u00f3metro y que cuenten con la tabla de conversi\u00f3n de energ\u00eda cal\u00f3rica de la le\u00f1a.<\/li>\n<li>Verificar que los artefactos a le\u00f1a en establecimientos comerciales y en \u00f3rganos de administraci\u00f3n del Estado, no se utilicen.<\/li>\n<li>Verificar la paralizaci\u00f3n de fuentes fijas que no cumplan con los l\u00edmites de emisi\u00f3n normados (calderas industriales y de calefacci\u00f3n), en d\u00edas con episodios cr\u00edticos, en PDA Curic\u00f3; PPDA Concepci\u00f3n; PDA Los \u00c1ngeles y PDA Valdivia.<\/li>\n<\/ul>\n<h2><strong>Sistema de Seguimiento <\/strong><\/h2>\n<p><img decoding=\"async\" class=\"size-medium wp-image-33817 alignright\" src=\"https:\/\/portal.sma.gob.cl\/wp-content\/uploads\/2024\/12\/SISAT-300x175.jpg\" alt=\"\" width=\"300\" height=\"175\" srcset=\"https:\/\/portal.sma.gob.cl\/wp-content\/uploads\/2024\/12\/SISAT-200x116.jpg 200w, https:\/\/portal.sma.gob.cl\/wp-content\/uploads\/2024\/12\/SISAT-300x175.jpg 300w, https:\/\/portal.sma.gob.cl\/wp-content\/uploads\/2024\/12\/SISAT-400x233.jpg 400w, https:\/\/portal.sma.gob.cl\/wp-content\/uploads\/2024\/12\/SISAT-600x349.jpg 600w, https:\/\/portal.sma.gob.cl\/wp-content\/uploads\/2024\/12\/SISAT-768x447.jpg 768w, https:\/\/portal.sma.gob.cl\/wp-content\/uploads\/2024\/12\/SISAT-800x465.jpg 800w, https:\/\/portal.sma.gob.cl\/wp-content\/uploads\/2024\/12\/SISAT-1024x596.jpg 1024w, https:\/\/portal.sma.gob.cl\/wp-content\/uploads\/2024\/12\/SISAT.jpg 1100w\" sizes=\"(max-width: 300px) 100vw, 300px\" \/>Sumada a las actividades de fiscalizaci\u00f3n, desde el a\u00f1o \u00a02021 la SMA implement\u00f3 el Sistema de Seguimiento Ambiental (SISAT) para fuentes fijas, plataforma que ha permitido a la instituci\u00f3n verificar el cumplimiento de las medidas de los Planes de Prevenci\u00f3n y Descontaminaci\u00f3n Atmosf\u00e9rica, a partir de\u00a0 la recepci\u00f3n de reportes de las variables operacionales, como de los resultados de los muestreos y mediciones que realizan los titulares de fuentes fijas afectas a las obligaciones de los planes de descontaminaci\u00f3n.<\/p>\n","protected":false},"excerpt":{"rendered":"<p>Comercio de le\u00f1a seca, uso de artefactos a le\u00f1a en establecimientos comerciales y \u00f3rganos del Estado y verificaci\u00f3n de emisiones en calderas industriales y de calefacci\u00f3n, son las principales actividades que la SMA fiscalizar\u00e1 durante el per\u00edodo de Gesti\u00f3n de Episodios Cr\u00edticos (GEC), que se extiende desde el 1 de abril hasta septiembre en los PPDA <a href=\"https:\/\/portal.sma.gob.cl\/index.php\/sma-inicia-fiscalizacion-de-episodios-criticos-en-los-planes-de-descontaminacion-desde-el-maule-hasta-aysen\/\">Leer m\u00e1s<\/a><\/p>\n","protected":false},"author":13,"featured_media":17118,"comment_status":"open","ping_status":"open","sticky":false,"template":"","format":"standard","meta":{"footnotes":""},"categories":[90,107],"tags":[],"class_list":["post-38060","post","type-post","status-publish","format-standard","has-post-thumbnail","hentry","category-comunicados-noticias","category-destacado"],"_links":{"self":[{"href":"https:\/\/portal.sma.gob.cl\/index.php\/wp-json\/wp\/v2\/posts\/38060","targetHints":{"allow":["GET"]}}],"collection":[{"href":"https:\/\/portal.sma.gob.cl\/index.php\/wp-json\/wp\/v2\/posts"}],"about":[{"href":"https:\/\/portal.sma.gob.cl\/index.php\/wp-json\/wp\/v2\/types\/post"}],"author":[{"embeddable":true,"href":"https:\/\/portal.sma.gob.cl\/index.php\/wp-json\/wp\/v2\/users\/13"}],"replies":[{"embeddable":true,"href":"https:\/\/portal.sma.gob.cl\/index.php\/wp-json\/wp\/v2\/comments?post=38060"}],"version-history":[{"count":4,"href":"https:\/\/portal.sma.gob.cl\/index.php\/wp-json\/wp\/v2\/posts\/38060\/revisions"}],"predecessor-version":[{"id":38064,"href":"https:\/\/portal.sma.gob.cl\/index.php\/wp-json\/wp\/v2\/posts\/38060\/revisions\/38064"}],"wp:featuredmedia":[{"embeddable":true,"href":"https:\/\/portal.sma.gob.cl\/index.php\/wp-json\/wp\/v2\/media\/17118"}],"wp:attachment":[{"href":"https:\/\/portal.sma.gob.cl\/index.php\/wp-json\/wp\/v2\/media?parent=38060"}],"wp:term":[{"taxonomy":"category","embeddable":true,"href":"https:\/\/portal.sma.gob.cl\/index.php\/wp-json\/wp\/v2\/categories?post=38060"},{"taxonomy":"post_tag","embeddable":true,"href":"https:\/\/portal.sma.gob.cl\/index.php\/wp-json\/wp\/v2\/tags?post=38060"}],"curies":[{"name":"wp","href":"https:\/\/api.w.org\/{rel}","templated":true}]}}