{"id":38260,"date":"2026-04-29T12:02:12","date_gmt":"2026-04-29T16:02:12","guid":{"rendered":"https:\/\/portal.sma.gob.cl\/?p=38260"},"modified":"2026-04-29T12:12:29","modified_gmt":"2026-04-29T16:12:29","slug":"dia-internacional-de-la-conciencia-sobre-el-ruido-sma-destaca-nueva-normativa-y-refuerza-gestion-territorial-ante-aumento-de-denuncias","status":"publish","type":"post","link":"https:\/\/portal.sma.gob.cl\/index.php\/dia-internacional-de-la-conciencia-sobre-el-ruido-sma-destaca-nueva-normativa-y-refuerza-gestion-territorial-ante-aumento-de-denuncias\/","title":{"rendered":"D\u00eda Internacional de la Conciencia sobre el Ruido: SMA destaca nueva normativa y refuerza gesti\u00f3n territorial ante aumento de denuncias"},"content":{"rendered":"<ul>\n<li><strong>Durante el primer trimestre de 2026, las denuncias por ruido han aumentado un 24% respecto al mismo periodo del a\u00f1o anterior, totalizando 1.381 ingresos.<\/strong><\/li>\n<li><strong>La instituci\u00f3n ha ejecutado 305 fiscalizaciones en lo que va del a\u00f1o y mantiene un fortalecimiento constante de la gesti\u00f3n municipal a trav\u00e9s de la suscripci\u00f3n de m\u00e1s de 70 convenios en materia de ruidos, con municipalidades a lo largo del pa\u00eds.<\/strong><\/li>\n<\/ul>\n<p>En el marco del D\u00eda Internacional de la Conciencia sobre el Ruido, la Superintendencia del Medio Ambiente (SMA) reafirm\u00f3 su compromiso con la protecci\u00f3n de la salud de las personas ante este contaminante invisible. As\u00ed, para este 2026, la gesti\u00f3n institucional en esta materia se centrar\u00e1 en la modernizaci\u00f3n normativa tras la publicaci\u00f3n de la nueva norma de emisi\u00f3n para fuentes fijas (D.S. N\u00b014\/2024 del MMA) el pasado 27 de febrero.<\/p>\n<p>La Organizaci\u00f3n Mundial de la Salud (OMS) indica que, el ruido ambiental es un contaminante subestimado, que puede causar m\u00faltiples problemas de corto y largo plazo, como alteraci\u00f3n del sue\u00f1o, efectos cardiovasculares, menor rendimiento laboral y escolar, p\u00e9rdida de la audici\u00f3n, entre otros. La OMS se\u00f1ala que el ruido ambiental ha surgido como una de las principales molestias en la regi\u00f3n europea y que las personas se quejan del ruido con cada vez mayor frecuencia.<\/p>\n<p>En nuestro pa\u00eds este contaminante se encuentra regulado por medio de normas ambientales, siendo la Norma de Emisi\u00f3n de Ruidos Generados por Fuentes Fijas (D.S. N\u00b038\/2011 del MMA), una de las primeras regulaciones ambientales.<\/p>\n<p>Al respecto, la Superintendenta del Medio Ambiente (s), Claudia Pastore, se\u00f1al\u00f3 que \u201c<em>el ruido no es solo una molestia, es un contaminante que impacta directamente en la calidad de vida. Con la nueva norma iniciamos una transici\u00f3n clave, donde el foco est\u00e1 en la prevenci\u00f3n y en entregar certeza t\u00e9cnica. El aumento del 24% en las denuncias en esta materia, nos mandata a ser m\u00e1s eficientes, fortaleciendo la red de fiscalizaci\u00f3n con m\u00e1s de 70 municipios para asegurar un crecimiento respetuoso con el entorno ac\u00fastico de las personas\u201d.<\/em><\/p>\n<p>En relaci\u00f3n con la labor de vigilancia, la SMA ejecuta alrededor de 800 fiscalizaciones de ruido anuales, registrando 759 durante 2025 y 305 en lo que va de 2026.<\/p>\n<h2><strong>Denuncias <\/strong><\/h2>\n<p>De manera hist\u00f3rica, el ruido representa el 52% de las denuncias que ingresan a la Superintendencia del Medio Ambiente.<\/p>\n<p>En relaci\u00f3n a las comunas del pa\u00eds que lideran hist\u00f3ricamente las denuncias por ruido ante la SMA, se encuentran Antofagasta, Santiago, Concepci\u00f3n, Iquique y Providencia. Le siguen \u00d1u\u00f1oa, La Serena y Valpara\u00edso.<\/p>\n<p>En 2025, en tanto, la mayor cantidad de denuncias se recibi\u00f3 en Santiago, Iquique, Antofagasta, Valpara\u00edso y \u00d1u\u00f1oa.<\/p>\n<p><strong>Top 30 comunas m\u00e1s denunciadas hist\u00f3rico, a\u00f1o 2025 y a\u00f1o 2026 (hasta marzo 2026).<\/strong><\/p>\n<table class=\"table-1\" width=\"\">\n<tbody>\n<tr>\n<td width=\"22\"><\/td>\n<td colspan=\"2\" width=\"159\"><strong>Top 30 comunas<br \/>\ndenuncias hist\u00f3ricas de ruido<\/strong><\/td>\n<td width=\"35\"><\/td>\n<td colspan=\"2\" width=\"181\"><strong>Top 30 comunas<br \/>\ndenuncias de ruido 2025<\/strong><\/td>\n<td width=\"35\"><\/td>\n<td colspan=\"2\" width=\"179\"><strong>Top 30 comunas denuncias de ruido enero a marzo 2026<\/strong><\/td>\n<\/tr>\n<tr>\n<td width=\"22\">1<\/td>\n<td width=\"116\">Antofagasta<\/td>\n<td width=\"42\">1417<\/td>\n<td width=\"35\"><\/td>\n<td width=\"147\">Santiago<\/td>\n<td width=\"34\">1262<\/td>\n<td width=\"35\"><\/td>\n<td width=\"147\">Antofagasta<\/td>\n<td width=\"31\">134<\/td>\n<\/tr>\n<tr>\n<td width=\"22\">2<\/td>\n<td width=\"116\">Santiago<\/td>\n<td width=\"42\">1262<\/td>\n<td width=\"35\"><\/td>\n<td width=\"147\">Iquique<\/td>\n<td width=\"34\">903<\/td>\n<td width=\"35\"><\/td>\n<td width=\"147\">Santiago<\/td>\n<td width=\"31\">79<\/td>\n<\/tr>\n<tr>\n<td width=\"22\">3<\/td>\n<td width=\"116\">Concepci\u00f3n<\/td>\n<td width=\"42\">931<\/td>\n<td width=\"35\"><\/td>\n<td width=\"147\">Antofagasta<\/td>\n<td width=\"34\">1417<\/td>\n<td width=\"35\"><\/td>\n<td width=\"147\">Coquimbo<\/td>\n<td width=\"31\">64<\/td>\n<\/tr>\n<tr>\n<td width=\"22\">4<\/td>\n<td width=\"116\">Iquique<\/td>\n<td width=\"42\">903<\/td>\n<td width=\"35\"><\/td>\n<td width=\"147\">Valpara\u00edso<\/td>\n<td width=\"34\">636<\/td>\n<td width=\"35\"><\/td>\n<td width=\"147\">Iquique<\/td>\n<td width=\"31\">59<\/td>\n<\/tr>\n<tr>\n<td width=\"22\">5<\/td>\n<td width=\"116\">Providencia<\/td>\n<td width=\"42\">814<\/td>\n<td width=\"35\"><\/td>\n<td width=\"147\">\u00d1u\u00f1oa<\/td>\n<td width=\"34\">736<\/td>\n<td width=\"35\"><\/td>\n<td width=\"147\">\u00d1u\u00f1oa<\/td>\n<td width=\"31\">58<\/td>\n<\/tr>\n<tr>\n<td width=\"22\">6<\/td>\n<td width=\"116\">\u00d1u\u00f1oa<\/td>\n<td width=\"42\">736<\/td>\n<td width=\"35\"><\/td>\n<td width=\"147\">Concepci\u00f3n<\/td>\n<td width=\"34\">931<\/td>\n<td width=\"35\"><\/td>\n<td width=\"147\">La Florida<\/td>\n<td width=\"31\">52<\/td>\n<\/tr>\n<tr>\n<td width=\"22\">7<\/td>\n<td width=\"116\">La Serena<\/td>\n<td width=\"42\">640<\/td>\n<td width=\"35\"><\/td>\n<td width=\"147\">Coquimbo<\/td>\n<td width=\"34\">622<\/td>\n<td width=\"35\"><\/td>\n<td width=\"147\">Concepci\u00f3n<\/td>\n<td width=\"31\">50<\/td>\n<\/tr>\n<tr>\n<td width=\"22\">8<\/td>\n<td width=\"116\">Valpara\u00edso<\/td>\n<td width=\"42\">636<\/td>\n<td width=\"35\"><\/td>\n<td width=\"147\">Providencia<\/td>\n<td width=\"34\">814<\/td>\n<td width=\"35\"><\/td>\n<td width=\"147\">Temuco<\/td>\n<td width=\"31\">41<\/td>\n<\/tr>\n<tr>\n<td width=\"22\">9<\/td>\n<td width=\"116\">Coquimbo<\/td>\n<td width=\"42\">622<\/td>\n<td width=\"35\"><\/td>\n<td width=\"147\">La Serena<\/td>\n<td width=\"34\">640<\/td>\n<td width=\"35\"><\/td>\n<td width=\"147\">Vi\u00f1a del Mar<\/td>\n<td width=\"31\">38<\/td>\n<\/tr>\n<tr>\n<td width=\"22\">10<\/td>\n<td width=\"116\">Las Condes<\/td>\n<td width=\"42\">585<\/td>\n<td width=\"35\"><\/td>\n<td width=\"147\">Las Condes<\/td>\n<td width=\"34\">585<\/td>\n<td width=\"35\"><\/td>\n<td width=\"147\">Valpara\u00edso<\/td>\n<td width=\"31\">27<\/td>\n<\/tr>\n<tr>\n<td width=\"22\">11<\/td>\n<td width=\"116\">Temuco<\/td>\n<td width=\"42\">547<\/td>\n<td width=\"35\"><\/td>\n<td width=\"147\">Talca<\/td>\n<td width=\"34\">461<\/td>\n<td width=\"35\"><\/td>\n<td width=\"147\">Rancagua<\/td>\n<td width=\"31\">26<\/td>\n<\/tr>\n<tr>\n<td width=\"22\">12<\/td>\n<td width=\"116\">La Florida<\/td>\n<td width=\"42\">505<\/td>\n<td width=\"35\"><\/td>\n<td width=\"147\">San Miguel<\/td>\n<td width=\"34\">470<\/td>\n<td width=\"35\"><\/td>\n<td width=\"147\">Chill\u00e1n<\/td>\n<td width=\"31\">24<\/td>\n<\/tr>\n<tr>\n<td width=\"22\">13<\/td>\n<td width=\"116\">San Miguel<\/td>\n<td width=\"42\">470<\/td>\n<td width=\"35\"><\/td>\n<td width=\"147\">La Florida<\/td>\n<td width=\"34\">505<\/td>\n<td width=\"35\"><\/td>\n<td width=\"147\">Las Condes<\/td>\n<td width=\"31\">24<\/td>\n<\/tr>\n<tr>\n<td width=\"22\">14<\/td>\n<td width=\"116\">Talca<\/td>\n<td width=\"42\">461<\/td>\n<td width=\"35\"><\/td>\n<td width=\"147\">Vi\u00f1a del Mar<\/td>\n<td width=\"34\">405<\/td>\n<td width=\"35\"><\/td>\n<td width=\"147\">San Pedro de la Paz<\/td>\n<td width=\"31\">21<\/td>\n<\/tr>\n<tr>\n<td width=\"22\">15<\/td>\n<td width=\"116\">Vi\u00f1a del Mar<\/td>\n<td width=\"42\">405<\/td>\n<td width=\"35\"><\/td>\n<td width=\"147\">San Pedro de la Paz<\/td>\n<td width=\"34\">216<\/td>\n<td width=\"35\"><\/td>\n<td width=\"147\">Maip\u00fa<\/td>\n<td width=\"31\">20<\/td>\n<\/tr>\n<tr>\n<td width=\"22\">16<\/td>\n<td width=\"116\">Puerto Montt<\/td>\n<td width=\"42\">404<\/td>\n<td width=\"35\"><\/td>\n<td width=\"147\">Rancagua<\/td>\n<td width=\"34\">365<\/td>\n<td width=\"35\"><\/td>\n<td width=\"147\">La Cisterna<\/td>\n<td width=\"31\">20<\/td>\n<\/tr>\n<tr>\n<td width=\"22\">17<\/td>\n<td width=\"116\">Arica<\/td>\n<td width=\"42\">403<\/td>\n<td width=\"35\"><\/td>\n<td width=\"147\">Chill\u00e1n<\/td>\n<td width=\"34\">367<\/td>\n<td width=\"35\"><\/td>\n<td width=\"147\">Huechuraba<\/td>\n<td width=\"31\">19<\/td>\n<\/tr>\n<tr>\n<td width=\"22\">18<\/td>\n<td width=\"116\">Chill\u00e1n<\/td>\n<td width=\"42\">367<\/td>\n<td width=\"35\"><\/td>\n<td width=\"147\">Independencia<\/td>\n<td width=\"34\">130<\/td>\n<td width=\"35\"><\/td>\n<td width=\"147\">Talagante<\/td>\n<td width=\"31\">19<\/td>\n<\/tr>\n<tr>\n<td width=\"22\">19<\/td>\n<td width=\"116\">Rancagua<\/td>\n<td width=\"42\">365<\/td>\n<td width=\"35\"><\/td>\n<td width=\"147\">La Cisterna<\/td>\n<td width=\"34\">236<\/td>\n<td width=\"35\"><\/td>\n<td width=\"147\">La Reina<\/td>\n<td width=\"31\">19<\/td>\n<\/tr>\n<tr>\n<td width=\"22\">20<\/td>\n<td width=\"116\">Copiap\u00f3<\/td>\n<td width=\"42\">334<\/td>\n<td width=\"35\"><\/td>\n<td width=\"147\">Puente Alto<\/td>\n<td width=\"34\">296<\/td>\n<td width=\"35\"><\/td>\n<td width=\"147\">La Serena<\/td>\n<td width=\"31\">18<\/td>\n<\/tr>\n<tr>\n<td width=\"22\">21<\/td>\n<td width=\"116\">Valdivia<\/td>\n<td width=\"42\">328<\/td>\n<td width=\"35\"><\/td>\n<td width=\"147\">Puerto Montt<\/td>\n<td width=\"34\">404<\/td>\n<td width=\"35\"><\/td>\n<td width=\"147\">Puente Alto<\/td>\n<td width=\"31\">17<\/td>\n<\/tr>\n<tr>\n<td width=\"22\">22<\/td>\n<td width=\"116\">Puente Alto<\/td>\n<td width=\"42\">296<\/td>\n<td width=\"35\"><\/td>\n<td width=\"147\">La Reina<\/td>\n<td width=\"34\">237<\/td>\n<td width=\"35\"><\/td>\n<td width=\"147\">Talca<\/td>\n<td width=\"31\">16<\/td>\n<\/tr>\n<tr>\n<td width=\"22\">23<\/td>\n<td width=\"116\">Maip\u00fa<\/td>\n<td width=\"42\">279<\/td>\n<td width=\"35\"><\/td>\n<td width=\"147\">Arica<\/td>\n<td width=\"34\">403<\/td>\n<td width=\"35\"><\/td>\n<td width=\"147\">Providencia<\/td>\n<td width=\"31\">16<\/td>\n<\/tr>\n<tr>\n<td width=\"22\">24<\/td>\n<td width=\"116\">Quinta Normal<\/td>\n<td width=\"42\">260<\/td>\n<td width=\"35\"><\/td>\n<td width=\"147\">Temuco<\/td>\n<td width=\"34\">547<\/td>\n<td width=\"35\"><\/td>\n<td width=\"147\">Calera<\/td>\n<td width=\"31\">14<\/td>\n<\/tr>\n<tr>\n<td width=\"22\">25<\/td>\n<td width=\"116\">Recoleta<\/td>\n<td width=\"42\">260<\/td>\n<td width=\"35\"><\/td>\n<td width=\"147\">Talcahuano<\/td>\n<td width=\"34\">190<\/td>\n<td width=\"35\"><\/td>\n<td width=\"147\">Estaci\u00f3n Central<\/td>\n<td width=\"31\">14<\/td>\n<\/tr>\n<tr>\n<td width=\"22\">26<\/td>\n<td width=\"116\">La Reina<\/td>\n<td width=\"42\">237<\/td>\n<td width=\"35\"><\/td>\n<td width=\"147\">Maip\u00fa<\/td>\n<td width=\"34\">279<\/td>\n<td width=\"35\"><\/td>\n<td width=\"147\">San Miguel<\/td>\n<td width=\"31\">14<\/td>\n<\/tr>\n<tr>\n<td width=\"22\">27<\/td>\n<td width=\"116\">La Cisterna<\/td>\n<td width=\"42\">236<\/td>\n<td width=\"35\"><\/td>\n<td width=\"147\">Copiap\u00f3<\/td>\n<td width=\"34\">334<\/td>\n<td width=\"35\"><\/td>\n<td width=\"147\">Recoleta<\/td>\n<td width=\"31\">14<\/td>\n<\/tr>\n<tr>\n<td width=\"22\">28<\/td>\n<td width=\"116\">Pudahuel<\/td>\n<td width=\"42\">234<\/td>\n<td width=\"35\"><\/td>\n<td width=\"147\">Valdivia<\/td>\n<td width=\"34\">328<\/td>\n<td width=\"35\"><\/td>\n<td width=\"147\">Talcahuano<\/td>\n<td width=\"31\">13<\/td>\n<\/tr>\n<tr>\n<td width=\"22\">29<\/td>\n<td width=\"116\">Los \u00c1ngeles<\/td>\n<td width=\"42\">217<\/td>\n<td width=\"35\"><\/td>\n<td width=\"147\">Macul<\/td>\n<td width=\"34\">202<\/td>\n<td width=\"35\"><\/td>\n<td width=\"147\">Quinta Normal<\/td>\n<td width=\"31\">13<\/td>\n<\/tr>\n<tr>\n<td width=\"22\">30<\/td>\n<td width=\"116\">San Pedro de la Paz<\/td>\n<td width=\"42\">216<\/td>\n<td width=\"35\"><\/td>\n<td width=\"147\">San Ram\u00f3n<\/td>\n<td width=\"34\">66<\/td>\n<td width=\"35\"><\/td>\n<td width=\"147\">Puerto Montt<\/td>\n<td width=\"31\">13<\/td>\n<\/tr>\n<\/tbody>\n<\/table>\n<p>&nbsp;<\/p>\n<h2><strong>Trabajo colaborativo y Nueva Norma<\/strong><\/h2>\n<p>Para optimizar la respuesta ante las denuncias, la SMA cuenta con m\u00e1s de 70 convenios con municipios de todo el pa\u00eds. Estos convenios tienen por objeto apoyar en la dictaci\u00f3n de la ordenanza municipal de ruido, junto con entregar capacitaciones a funcionarios municipales en la utilizaci\u00f3n de son\u00f3metros calibrados y otras t\u00e9cnicas que se deben aplicar seg\u00fan el Decreto Supremo N\u00b038 del Ministerio del Medio Ambiente, entre otros compromisos.<\/p>\n<p>Respecto al nuevo D.S. N\u00b014\/2024, la SMA se encuentra elaborando los protocolos de medici\u00f3n e instructivos necesarios para su implementaci\u00f3n, incorporando un enfoque preventivo y nuevos m\u00e9todos de medici\u00f3n para fuentes como parques e\u00f3licos y l\u00edneas de transmisi\u00f3n el\u00e9ctrica.<\/p>\n","protected":false},"excerpt":{"rendered":"<p>Durante el primer trimestre de 2026, las denuncias por ruido han aumentado un 24% respecto al mismo periodo del a\u00f1o anterior, totalizando 1.381 ingresos. La instituci\u00f3n ha ejecutado 305 fiscalizaciones en lo que va del a\u00f1o y mantiene un fortalecimiento constante de la gesti\u00f3n municipal a trav\u00e9s de la suscripci\u00f3n de m\u00e1s de 70 convenios en <a href=\"https:\/\/portal.sma.gob.cl\/index.php\/dia-internacional-de-la-conciencia-sobre-el-ruido-sma-destaca-nueva-normativa-y-refuerza-gestion-territorial-ante-aumento-de-denuncias\/\">Leer m\u00e1s<\/a><\/p>\n","protected":false},"author":13,"featured_media":33624,"comment_status":"open","ping_status":"open","sticky":false,"template":"","format":"standard","meta":{"footnotes":""},"categories":[90,107],"tags":[],"class_list":["post-38260","post","type-post","status-publish","format-standard","has-post-thumbnail","hentry","category-comunicados-noticias","category-destacado"],"_links":{"self":[{"href":"https:\/\/portal.sma.gob.cl\/index.php\/wp-json\/wp\/v2\/posts\/38260","targetHints":{"allow":["GET"]}}],"collection":[{"href":"https:\/\/portal.sma.gob.cl\/index.php\/wp-json\/wp\/v2\/posts"}],"about":[{"href":"https:\/\/portal.sma.gob.cl\/index.php\/wp-json\/wp\/v2\/types\/post"}],"author":[{"embeddable":true,"href":"https:\/\/portal.sma.gob.cl\/index.php\/wp-json\/wp\/v2\/users\/13"}],"replies":[{"embeddable":true,"href":"https:\/\/portal.sma.gob.cl\/index.php\/wp-json\/wp\/v2\/comments?post=38260"}],"version-history":[{"count":5,"href":"https:\/\/portal.sma.gob.cl\/index.php\/wp-json\/wp\/v2\/posts\/38260\/revisions"}],"predecessor-version":[{"id":38265,"href":"https:\/\/portal.sma.gob.cl\/index.php\/wp-json\/wp\/v2\/posts\/38260\/revisions\/38265"}],"wp:featuredmedia":[{"embeddable":true,"href":"https:\/\/portal.sma.gob.cl\/index.php\/wp-json\/wp\/v2\/media\/33624"}],"wp:attachment":[{"href":"https:\/\/portal.sma.gob.cl\/index.php\/wp-json\/wp\/v2\/media?parent=38260"}],"wp:term":[{"taxonomy":"category","embeddable":true,"href":"https:\/\/portal.sma.gob.cl\/index.php\/wp-json\/wp\/v2\/categories?post=38260"},{"taxonomy":"post_tag","embeddable":true,"href":"https:\/\/portal.sma.gob.cl\/index.php\/wp-json\/wp\/v2\/tags?post=38260"}],"curies":[{"name":"wp","href":"https:\/\/api.w.org\/{rel}","templated":true}]}}