{"id":38269,"date":"2026-04-30T17:00:20","date_gmt":"2026-04-30T21:00:20","guid":{"rendered":"https:\/\/portal.sma.gob.cl\/?p=38269"},"modified":"2026-04-30T17:41:09","modified_gmt":"2026-04-30T21:41:09","slug":"gestion-de-episodios-criticos-2026-sma-publica-listado-de-paralizacion-de-grandes-establecimientos-afectos-al-ppda-de-la-rm","status":"publish","type":"post","link":"https:\/\/portal.sma.gob.cl\/index.php\/gestion-de-episodios-criticos-2026-sma-publica-listado-de-paralizacion-de-grandes-establecimientos-afectos-al-ppda-de-la-rm\/","title":{"rendered":"Gesti\u00f3n de Episodios Cr\u00edticos 2026: SMA publica listado de paralizaci\u00f3n de grandes establecimientos afectos al PPDA de la RM\u00a0"},"content":{"rendered":"<ul>\n<li aria-setsize=\"-1\" data-leveltext=\"\uf0b7\" data-font=\"Symbol\" data-listid=\"2\" data-list-defn-props=\"{&quot;335552541&quot;:1,&quot;335559685&quot;:720,&quot;335559991&quot;:360,&quot;469769226&quot;:&quot;Symbol&quot;,&quot;469769242&quot;:[8226],&quot;469777803&quot;:&quot;left&quot;,&quot;469777804&quot;:&quot;\uf0b7&quot;,&quot;469777815&quot;:&quot;hybridMultilevel&quot;}\" data-aria-posinset=\"1\" data-aria-level=\"1\"><b><span data-contrast=\"auto\">A partir del 1 de mayo, cinco instalaciones deber\u00e1n paralizar la operaci\u00f3n de sus fuentes estacionarias durante episodios de preemergencia o emergencia ambiental en la Regi\u00f3n Metropolitana.<\/span><\/b><span data-ccp-props=\"{&quot;201341983&quot;:0,&quot;335551550&quot;:6,&quot;335551620&quot;:6,&quot;335559739&quot;:0,&quot;335559740&quot;:240}\">\u00a0<\/span><\/li>\n<\/ul>\n<p><span data-contrast=\"auto\">En el contexto del inicio de la Gesti\u00f3n de Episodios Cr\u00edticos (GEC), contemplada en el Plan de Prevenci\u00f3n y Descontaminaci\u00f3n Atmosf\u00e9rica (PPDA) para la Regi\u00f3n Metropolitana de Santiago (D.S. N\u00b031\/2016 del Ministerio del Medio Ambiente), vigente entre el 1 de mayo y el 31 de agosto, la Superintendencia del Medio Ambiente (SMA) inform\u00f3 la publicaci\u00f3n del listado de instalaciones que deber\u00e1n paralizar la totalidad de sus fuentes estacionarias cuando se declare un episodio cr\u00edtico de tipo preemergencia o emergencia ambiental por material particulado (MP2,5 y MP10).<\/span><span data-ccp-props=\"{&quot;335551550&quot;:6,&quot;335551620&quot;:6}\">\u00a0<\/span><\/p>\n<p><span data-contrast=\"auto\">De acuerdo con la Resoluci\u00f3n Exenta N\u00b01258\/2026 de la SMA, para este per\u00edodo ser\u00e1n cinco, de un total de 55, los grandes establecimientos obligados a suspender\u00a0las\u00a0operaciones\u00a0de sus fuentes estacionarias,\u00a0en caso de preemergencia o emergencia ambiental,\u00a0de acuerdo con\u00a0la definici\u00f3n de episodios declarados\u00a0por la Delegaci\u00f3n Presidencial Regional.<\/span><span data-ccp-props=\"{&quot;335551550&quot;:6,&quot;335551620&quot;:6}\">\u00a0<\/span><\/p>\n<p><span data-contrast=\"auto\">En este marco, el incumplimiento de la paralizaci\u00f3n podr\u00e1 ser sancionado con multas que oscilan entre 1 Unidad Tributaria Anual (UTA) y 10.000 UTA.<\/span><span data-ccp-props=\"{&quot;335551550&quot;:6,&quot;335551620&quot;:6}\">\u00a0<\/span><span data-contrast=\"auto\">La medida tiene por finalidad contribuir a la reducci\u00f3n de emisiones atmosf\u00e9ricas durante episodios cr\u00edticos, resguardando la salud de las personas y el cuidado del medio ambiente.\u00a0<\/span><span data-ccp-props=\"{&quot;335551550&quot;:6,&quot;335551620&quot;:6}\">\u00a0<\/span><\/p>\n<p><span data-contrast=\"auto\">Cabe destacar que la Gesti\u00f3n de Episodios Cr\u00edticos considera la aplicaci\u00f3n de otras medidas excepcionales como la restricci\u00f3n vehicular\u00a0y\u00a0la prohibici\u00f3n del uso de calefactores a\u00a0le\u00f1a,\u00a0con el objetivo de dar cumplimiento a las Normas Primarias de Calidad Ambiental de Aire vigentes.<\/span><span data-ccp-props=\"{&quot;335551550&quot;:6,&quot;335551620&quot;:6}\">\u00a0<\/span><\/p>\n<p><span data-contrast=\"auto\">Revisa el listado a continuaci\u00f3n:\u00a0<\/span><span data-ccp-props=\"{}\">\u00a0<\/span><br \/>\n<span data-ccp-props=\"{}\">\u00a0<\/span><\/p>\n<table style=\"border-collapse: collapse; font-family: Arial, sans-serif;\" border=\"1\" cellspacing=\"0\" cellpadding=\"8\">\n<thead style=\"background-color: #f2f2f2;\">\n<tr>\n<th>Gran Establecimiento<\/th>\n<th>Estado<\/th>\n<th>Motivo<\/th>\n<\/tr>\n<\/thead>\n<tbody>\n<tr>\n<td>AUTOMOTORA INALCO S.A.<\/td>\n<td>PARALIZA<\/td>\n<td>Faltan antecedentes para cumplimiento PRE<\/td>\n<\/tr>\n<tr>\n<td>EXTRUDER S.A.<\/td>\n<td>PARALIZA<\/td>\n<td>Faltan antecedentes para cumplimiento PRE<\/td>\n<\/tr>\n<tr>\n<td>INDUSTRIAS DE BALATAS SPA<\/td>\n<td>PARALIZA<\/td>\n<td>Faltan antecedentes para cumplimiento PRE<\/td>\n<\/tr>\n<tr>\n<td>EFEMM FERTILIZANTES SPA (MANUEL MORALES MENESES)<\/td>\n<td>PARALIZA<\/td>\n<td>Faltan antecedentes para cumplimiento PRE<\/td>\n<\/tr>\n<tr>\n<td>UNILEVER CHILE LTDA.<\/td>\n<td>PARALIZA<\/td>\n<td>Faltan antecedentes para cumplimiento PRE<\/td>\n<\/tr>\n<\/tbody>\n<\/table>\n","protected":false},"excerpt":{"rendered":"<p>A partir del 1 de mayo, cinco instalaciones deber\u00e1n paralizar la operaci\u00f3n de sus fuentes estacionarias durante episodios de preemergencia o emergencia ambiental en la Regi\u00f3n Metropolitana.\u00a0 En el contexto del inicio de la Gesti\u00f3n de Episodios Cr\u00edticos (GEC), contemplada en el Plan de Prevenci\u00f3n y Descontaminaci\u00f3n Atmosf\u00e9rica (PPDA) para la Regi\u00f3n Metropolitana de Santiago (D.S. <a href=\"https:\/\/portal.sma.gob.cl\/index.php\/gestion-de-episodios-criticos-2026-sma-publica-listado-de-paralizacion-de-grandes-establecimientos-afectos-al-ppda-de-la-rm\/\">Leer m\u00e1s<\/a><\/p>\n","protected":false},"author":3,"featured_media":15760,"comment_status":"open","ping_status":"open","sticky":false,"template":"","format":"standard","meta":{"footnotes":""},"categories":[90,107,225,94,1],"tags":[],"class_list":["post-38269","post","type-post","status-publish","format-standard","has-post-thumbnail","hentry","category-comunicados-noticias","category-destacado","category-macrozona-centro","category-notas-noticias","category-sin-categoria"],"_links":{"self":[{"href":"https:\/\/portal.sma.gob.cl\/index.php\/wp-json\/wp\/v2\/posts\/38269","targetHints":{"allow":["GET"]}}],"collection":[{"href":"https:\/\/portal.sma.gob.cl\/index.php\/wp-json\/wp\/v2\/posts"}],"about":[{"href":"https:\/\/portal.sma.gob.cl\/index.php\/wp-json\/wp\/v2\/types\/post"}],"author":[{"embeddable":true,"href":"https:\/\/portal.sma.gob.cl\/index.php\/wp-json\/wp\/v2\/users\/3"}],"replies":[{"embeddable":true,"href":"https:\/\/portal.sma.gob.cl\/index.php\/wp-json\/wp\/v2\/comments?post=38269"}],"version-history":[{"count":7,"href":"https:\/\/portal.sma.gob.cl\/index.php\/wp-json\/wp\/v2\/posts\/38269\/revisions"}],"predecessor-version":[{"id":38283,"href":"https:\/\/portal.sma.gob.cl\/index.php\/wp-json\/wp\/v2\/posts\/38269\/revisions\/38283"}],"wp:featuredmedia":[{"embeddable":true,"href":"https:\/\/portal.sma.gob.cl\/index.php\/wp-json\/wp\/v2\/media\/15760"}],"wp:attachment":[{"href":"https:\/\/portal.sma.gob.cl\/index.php\/wp-json\/wp\/v2\/media?parent=38269"}],"wp:term":[{"taxonomy":"category","embeddable":true,"href":"https:\/\/portal.sma.gob.cl\/index.php\/wp-json\/wp\/v2\/categories?post=38269"},{"taxonomy":"post_tag","embeddable":true,"href":"https:\/\/portal.sma.gob.cl\/index.php\/wp-json\/wp\/v2\/tags?post=38269"}],"curies":[{"name":"wp","href":"https:\/\/api.w.org\/{rel}","templated":true}]}}