{"id":38274,"date":"2026-04-30T17:29:50","date_gmt":"2026-04-30T21:29:50","guid":{"rendered":"https:\/\/portal.sma.gob.cl\/?p=38274"},"modified":"2026-04-30T17:29:50","modified_gmt":"2026-04-30T21:29:50","slug":"autoridades-lanzan-gestion-de-episodios-criticos-gec-2026-para-enfrentar-la-mala-calidad-del-aire-en-la-region-metropolitana","status":"publish","type":"post","link":"https:\/\/portal.sma.gob.cl\/index.php\/autoridades-lanzan-gestion-de-episodios-criticos-gec-2026-para-enfrentar-la-mala-calidad-del-aire-en-la-region-metropolitana\/","title":{"rendered":"Autoridades lanzan Gesti\u00f3n de Episodios Cr\u00edticos (GEC) 2026 para enfrentar la mala calidad del aire en la Regi\u00f3n Metropolitana"},"content":{"rendered":"<ul>\n<li aria-setsize=\"-1\" data-leveltext=\"\uf0b7\" data-font=\"Symbol\" data-listid=\"10\" data-list-defn-props=\"{&quot;335551500&quot;:0,&quot;335552541&quot;:1,&quot;335559685&quot;:720,&quot;335559991&quot;:360,&quot;469769226&quot;:&quot;Symbol&quot;,&quot;469769242&quot;:[8226],&quot;469777803&quot;:&quot;left&quot;,&quot;469777804&quot;:&quot;\uf0b7&quot;,&quot;469777815&quot;:&quot;multilevel&quot;}\" data-aria-posinset=\"1\" data-aria-level=\"1\"><i><span data-contrast=\"none\">La\u00a0ministra del Medio Ambiente,\u00a0<\/span><\/i><b><i><span data-contrast=\"none\">Francisca Toledo<\/span><\/i><\/b><i><span data-contrast=\"none\">,\u00a0el\u00a0Delegado\u00a0Presidencial RM,\u00a0<\/span><\/i><b><i><span data-contrast=\"none\">Germ\u00e1n Codina<\/span><\/i><\/b><i><span data-contrast=\"none\">,\u00a0la\u00a0Superintendenta\u00a0del Medio Ambiente (s) <strong>Claudia Pastore,<\/strong>\u00a0junto a\u00a0los seremis metropolitanos y los servicios fiscalizadores de Transporte y CONAF,\u00a0dieron\u00a0inicio al periodo de Gesti\u00f3n de Episodios Cr\u00edticos para la Regi\u00f3n Metropolitana\u00a02026, que se extiende hasta el 31 de agosto.\u00a0\u00a0<\/span><\/i><span data-ccp-props=\"{&quot;335551550&quot;:6,&quot;335551620&quot;:6}\">\u00a0<\/span><\/li>\n<\/ul>\n<ul>\n<li aria-setsize=\"-1\" data-leveltext=\"\uf0b7\" data-font=\"Symbol\" data-listid=\"10\" data-list-defn-props=\"{&quot;335551500&quot;:0,&quot;335552541&quot;:1,&quot;335559685&quot;:720,&quot;335559991&quot;:360,&quot;469769226&quot;:&quot;Symbol&quot;,&quot;469769242&quot;:[8226],&quot;469777803&quot;:&quot;left&quot;,&quot;469777804&quot;:&quot;\uf0b7&quot;,&quot;469777815&quot;:&quot;multilevel&quot;}\" data-aria-posinset=\"2\" data-aria-level=\"1\"><i><span data-contrast=\"auto\">El Plan de Prevenci\u00f3n y Descontaminaci\u00f3n Atmosf\u00e9rica (PPDA) de Santiago establece que todos los a\u00f1os, en la \u00e9poca de mala ventilaci\u00f3n atmosf\u00e9rica, se apliquen\u00a0medidas\u00a0para contrarrestar los episodios cr\u00edticos\u00a0de calidad del aire,\u00a0como la restricci\u00f3n vehicular, la prohibici\u00f3n del uso de calefactores a le\u00f1a o la paralizaci\u00f3n de industrias que no cumplan con su plan de reducci\u00f3n de emisiones.<\/span><\/i><span data-ccp-props=\"{&quot;201341983&quot;:0,&quot;335551550&quot;:6,&quot;335551620&quot;:6,&quot;335559738&quot;:240,&quot;335559739&quot;:240,&quot;335559740&quot;:240}\">\u00a0<\/span><\/li>\n<\/ul>\n<p><span data-contrast=\"auto\">Desde el Cerro San Crist\u00f3bal, la ministra del Medio Ambiente,\u00a0<\/span><b><span data-contrast=\"auto\">Francisca\u00a0Toledo,\u00a0<\/span><\/b><span data-contrast=\"auto\">\u00a0el\u00a0Delegado\u00a0Presidencial RM,\u00a0<\/span><b><span data-contrast=\"auto\">Germ\u00e1n Codina<\/span><\/b><span data-contrast=\"auto\">,\u00a0la\u00a0Superintendenta\u00a0(s) del Medio Ambiente\u00a0<\/span><b><span data-contrast=\"auto\">Claudia Pastore<\/span><\/b><span data-contrast=\"auto\">, y los Seremis metropolitanos de Transportes, Salud, Medio Ambiente, Agricultura, Educaci\u00f3n y\u00a0Director\u00a0de\u00a0CONAF,\u00a0\u00a0anunciaron\u00a0el comienzo de la Gesti\u00f3n de Episodios Cr\u00edticos (GEC) para la Regi\u00f3n Metropolitana, que se extender\u00e1 entre el 1 de mayo y el 31 de agosto.<\/span><span data-ccp-props=\"{&quot;201341983&quot;:0,&quot;335551550&quot;:6,&quot;335551620&quot;:6,&quot;335559738&quot;:240,&quot;335559739&quot;:240,&quot;335559740&quot;:240}\">\u00a0<\/span><\/p>\n<p><span data-contrast=\"auto\">La GEC\u00a0-que\u00a0forma parte del Plan de Prevenci\u00f3n y Descontaminaci\u00f3n Atmosf\u00e9rica (PPDA) para la Regi\u00f3n Metropolitana de Santiago, cuyo objetivo es dar cumplimiento a las Normas Primarias de Calidad Ambiental de Aire vigentes, asociadas a los contaminantes de Material\u00a0Particulado\u00a0Respirable MP10, Material\u00a0Particulado\u00a0Fino Respirable MP2,5, Ozono (O3) y Mon\u00f3xido de Carbono (CO)- permite tomar medidas como la restricci\u00f3n vehicular, la prohibici\u00f3n de calefactores a le\u00f1a en toda la regi\u00f3n o la paralizaci\u00f3n de industrias que no cumplan con su plan de reducci\u00f3n de emisiones, para reducir la contaminaci\u00f3n atmosf\u00e9rica ante pron\u00f3sticos de mala ventilaci\u00f3n.<\/span><span data-ccp-props=\"{&quot;201341983&quot;:0,&quot;335551550&quot;:6,&quot;335551620&quot;:6,&quot;335559738&quot;:240,&quot;335559739&quot;:240,&quot;335559740&quot;:240}\">\u00a0<\/span><\/p>\n<p><span data-contrast=\"auto\">Al respecto, la\u00a0Ministra\u00a0<\/span><b><span data-contrast=\"auto\">Francisca Toledo<\/span><\/b><span data-contrast=\"auto\">\u00a0indic\u00f3 que\u00a0\u201cel plan de descontaminaci\u00f3n es\u00a0una\u00a0pol\u00edtica\u00a0p\u00fablica que s\u00ed\u00a0ha dado\u00a0resultados,\u00a0disminuyendo en\u00a075%\u00a0el\u00a0material\u00a0particulado\u00a0fino\u00a0\u2013que impacta a la salud de las personas-\u00a0desde\u00a0principios de los\u00a090 a la fecha.\u00a0Pero para\u00a0reforzar\u00a0las\u00a0medidas\u00a0de\u00a0resguardo\u00a0de\u00a0la salud de la ciudadan\u00eda, entre el\u00a01 de mayo\u00a0y el\u00a031 de agosto se\u00a0extender\u00e1\u00a0la\u00a0Gesti\u00f3n de\u00a0Episodios Cr\u00edticos\u00a0(GEC)\u00a0que\u00a0establece acciones\u00a0para disminuir la\u00a0exposici\u00f3n\u00a0a\u00a0niveles\u00a0elevados de contaminaci\u00f3n\u00a0atmosf\u00e9rica\u00a0en el\u00a0periodo\u00a0donde se\u00a0registran condiciones\u00a0meteorol\u00f3gicas\u00a0m\u00e1s desafiantes\u201d.<\/span><span data-ccp-props=\"{&quot;201341983&quot;:0,&quot;335551550&quot;:6,&quot;335551620&quot;:6,&quot;335559738&quot;:240,&quot;335559739&quot;:240,&quot;335559740&quot;:240}\">\u00a0<\/span><\/p>\n<p><span data-contrast=\"auto\">Por su parte, el\u00a0Delegado\u00a0<\/span><b><span data-contrast=\"auto\">Germ\u00e1n Codina,<\/span><\/b><span data-contrast=\"auto\">\u00a0expres\u00f3: &#8220;<\/span><i><span data-contrast=\"auto\">sabemos que, durante oto\u00f1o e invierno, la Regi\u00f3n Metropolitana enfrenta un desaf\u00edo cr\u00edtico con la acumulaci\u00f3n de contaminantes que impactan la salud de la poblaci\u00f3n, especialmente a ni\u00f1os y adultos\u00a0mayores .\u00a0La Delegaci\u00f3n Presidencial Regional, tambi\u00e9n es parte del plan GEC, con el claro objetivo de colaborar con el cuidado de la salud de las personas<\/span><\/i><span data-contrast=\"auto\">&#8220;.<\/span><span data-ccp-props=\"{&quot;201341983&quot;:0,&quot;335551550&quot;:6,&quot;335551620&quot;:6,&quot;335559738&quot;:240,&quot;335559739&quot;:240,&quot;335559740&quot;:240}\">\u00a0<\/span><\/p>\n<p><span data-contrast=\"auto\">De acuerdo al \u00faltimo Inventario de Emisiones realizado el a\u00f1o 2022,\u00a0\u00a0las principales fuentes de emisiones de contaminantes en la RM, en un a\u00f1o normal, son el Transporte (33%), Maquinaria\u00a020%, Le\u00f1a (34%) e Industria\u00a0y Fuentes Fijas\u00a0(12%), por ello el PPDA considera medidas estructurales y de largo plazo para estas fuentes,\u00a0adem\u00e1s de acciones\u00a0de corto plazo a trav\u00e9s de la GEC para prevenir la exposici\u00f3n innecesaria de la poblaci\u00f3n a altos niveles de Material\u00a0Particulado\u00a0Fino durante los 4 meses en que las condiciones de ventilaci\u00f3n son las m\u00e1s adversas en la cuenca de Santiago.<\/span><span data-ccp-props=\"{&quot;335551550&quot;:6,&quot;335551620&quot;:6}\">\u00a0<\/span><\/p>\n<p><b><span data-contrast=\"auto\">Las Medidas\u00a0permanentes en GEC<\/span><\/b><span data-ccp-props=\"{&quot;201341983&quot;:0,&quot;335551550&quot;:6,&quot;335551620&quot;:6,&quot;335559738&quot;:240,&quot;335559739&quot;:240,&quot;335559740&quot;:240}\">\u00a0<\/span><\/p>\n<p><span data-contrast=\"none\">Durante el per\u00edodo GEC se establecen medidas permanentes para toda la RM. Se trata de la prohibici\u00f3n de circulaci\u00f3n dentro\u00a0de la Provincia de Santiago y las comunas de San Bernardo y Puente Alto, para\u00a0veh\u00edculos con sello verde\u00a0inscritos hasta el a\u00f1o 2011 y las motos inscritas hasta el a\u00f1o 2010. Adem\u00e1s, existe\u00a0la prohibici\u00f3n de entrada al anillo Am\u00e9rico Vespucio a todo veh\u00edculo sin sello verde.<\/span><span data-ccp-props=\"{&quot;201341983&quot;:0,&quot;335551550&quot;:6,&quot;335551620&quot;:6,&quot;335559739&quot;:0,&quot;335559740&quot;:240}\">\u00a0<\/span><\/p>\n<p><span data-contrast=\"auto\">Desde el Ministerio de Transportes se inform\u00f3 que el calendario 2026\u00a0de la Restricci\u00f3n Vehicular establece que la medida comenzar\u00e1 a aplicarse el lunes\u00a04\u00a0de mayo con los d\u00edgitos\u00a08\u00a0y\u00a09, seguir\u00e1 el martes con\u00a00 y 1,\u00a0mi\u00e9rcoles\u00a02 y 3, jueves\u00a04 y 5\u00a0y viernes\u00a06 y 7. El horario de prohibici\u00f3n es desde las 07:30 hasta las 9 de la noche.<\/span><span data-ccp-props=\"{&quot;201341983&quot;:0,&quot;335551550&quot;:6,&quot;335551620&quot;:6,&quot;335559738&quot;:240,&quot;335559739&quot;:240,&quot;335559740&quot;:240}\">\u00a0<\/span><\/p>\n<p><span data-contrast=\"auto\">La medida se extender\u00e1 entre los meses de mayo y agosto y proh\u00edbe la circulaci\u00f3n diaria de veh\u00edculos motorizados, dependiendo de su a\u00f1o de fabricaci\u00f3n y tipo. En caso de decretarse episodios altos de contaminaci\u00f3n ambiental -como\u00a0<\/span><b><span data-contrast=\"auto\">Alerta Ambiental<\/span><\/b><span data-contrast=\"auto\">,\u00a0<\/span><b><span data-contrast=\"auto\">Premergencia Ambiental<\/span><\/b><span data-contrast=\"auto\">\u00a0y\u00a0<\/span><b><span data-contrast=\"auto\">Emergencia Ambiental<\/span><\/b><span data-contrast=\"auto\">&#8211; se sumar\u00e1n d\u00edgitos a la prohibici\u00f3n de circular.<\/span><span data-ccp-props=\"{&quot;201341983&quot;:0,&quot;335551550&quot;:6,&quot;335551620&quot;:6,&quot;335559738&quot;:240,&quot;335559739&quot;:240,&quot;335559740&quot;:240}\">\u00a0<\/span><\/p>\n<p><span data-contrast=\"auto\">\u201c<\/span><i><span data-contrast=\"auto\">El llamado es a colaborar sobre esta medida medioambiental y dejar el veh\u00edculo en casa si le corresponde restricci\u00f3n. Nuestro sistema de transporte p\u00fablico es una alternativa eficiente y sustentable para moverse por la ciudad, evitar congesti\u00f3n y\u00a0ayudar,\u00a0 a\u00a0descontaminar el aire que todas y todos respiramos<\/span><\/i><span data-contrast=\"auto\">\u201d, expres\u00f3 el Seremi de Transportes\u00a0RM,\u00a0\u00a0<\/span><b><span data-contrast=\"auto\">Gonzalo\u00a0Cuevas<\/span><\/b><span data-contrast=\"auto\">.<\/span><span data-ccp-props=\"{&quot;335551550&quot;:6,&quot;335551620&quot;:6}\">\u00a0<\/span><\/p>\n<p><span data-contrast=\"auto\">Otras medida permanente\u00a0es la prohibici\u00f3n del uso de calefactores a le\u00f1a en toda la Provincia de Santiago adem\u00e1s de las comunas de San Bernardo y Puente\u00a0Alto, exceptuando las que usan pellets.\u00a0\u00a0<\/span><span data-contrast=\"auto\">Durante el per\u00edodo GEC 2025, la Seremi de Salud increment\u00f3 la fiscalizaci\u00f3n en 17 %., resultando\u00a0un disminuci\u00f3n\u00a0de los sumarios sanitarios\u00a0en\u00a0un\u00a0\u00a087\u00a0% por el uso de calefactores en episodio ambiental.<\/span><span data-ccp-props=\"{&quot;335551550&quot;:6,&quot;335551620&quot;:6}\">\u00a0<\/span><\/p>\n<p><span data-contrast=\"auto\">Entre las medidas permanentes en periodo GEC est\u00e1 la prohibici\u00f3n de Quemas Agr\u00edcolas que se extiende entre\u00a0<\/span><span data-contrast=\"none\">el 1 de marzo y el 31 de octubre de cada a\u00f1o.\u00a0<\/span><span data-contrast=\"auto\">L<\/span><span data-contrast=\"none\">a Seremi de Agricultura RM -a trav\u00e9s de los servicios CONAF y SAG RM- se encarga de gestionar las denuncias por este tema.\u00a0Tambi\u00e9n estos servicios -junto con la Superintendencia del Medio Ambiente (SMA)- son los encargados de fiscalizar la calidad de la le\u00f1a que se expende en las provincias rurales de la capital.\u00a0<\/span><span data-contrast=\"auto\">\u00a0<\/span><span data-contrast=\"none\">Las multas por infringir la normativa oscilan entre las 1 a 70 UTM.<\/span><span data-contrast=\"auto\">\u00a0<\/span><span data-contrast=\"none\">\u00a0<\/span><span data-ccp-props=\"{&quot;201341983&quot;:0,&quot;335551550&quot;:6,&quot;335551620&quot;:6,&quot;335559740&quot;:240}\">\u00a0<\/span><\/p>\n<p><span data-contrast=\"none\">A contar del 26 de noviembre del a\u00f1o 2026 las Quemas Agr\u00edcolas estar\u00e1n prohibidas durante todo el a\u00f1o (Del 1 de enero al 31 de diciembre) en toda la RM. En ese\u00a0contexto, se reforzar\u00e1 las alternativas del uso del fuego ya conocidas (trozar y dispersar,\u00a0silvopastoreo,\u00a0lombricompostaje, reincorporaci\u00f3n al suelo, cero labranza o siembra directa), y se buscar\u00e1n acuerdos interinstitucionales para aumentar la llegada a los usuarios del\u00a0fuego,\u00a0 con\u00a0el fin de que en conjunto encontrar una soluci\u00f3n r\u00e1pida, efectiva y viable.<\/span><span data-ccp-props=\"{&quot;201341983&quot;:0,&quot;335551550&quot;:6,&quot;335551620&quot;:6,&quot;335559740&quot;:240}\">\u00a0<\/span><\/p>\n<p><b><span data-contrast=\"auto\">Medidas en Episodios Cr\u00edticos de Contaminaci\u00f3n<\/span><\/b><span data-ccp-props=\"{&quot;335551550&quot;:6,&quot;335551620&quot;:6}\">\u00a0<\/span><\/p>\n<p><span data-contrast=\"auto\">Cuando se decreta alg\u00fan episodio cr\u00edtico junto con intensificarse la fiscalizaci\u00f3n se hacen sugerencias a los establecimientos educacionales para modificar las clases de Educaci\u00f3n F\u00edsica por actividades con menos exigencia f\u00edsica, las que se pueden consultarse en la Seremi de Educaci\u00f3n RM.<\/span><span data-ccp-props=\"{&quot;201341983&quot;:0,&quot;335551550&quot;:6,&quot;335551620&quot;:6,&quot;335559738&quot;:240,&quot;335559739&quot;:240,&quot;335559740&quot;:240}\">\u00a0<\/span><\/p>\n<p><span data-contrast=\"auto\">En episodio de\u00a0<\/span><b><span data-contrast=\"auto\">Alerta<\/span><\/b><span data-contrast=\"auto\">\u00a0se extiende la prohibici\u00f3n del uso de calefactores a le\u00f1a a toda la Regi\u00f3n Metropolitana, excepto pellets. En\u00a0<\/span><b><span data-contrast=\"auto\">Preemergencia<\/span><\/b><span data-contrast=\"auto\">, la prohibici\u00f3n de uso de calefactores a le\u00f1a en toda la RM incluye los pellets, adem\u00e1s aumentan los d\u00edgitos de Restricci\u00f3n Vehicular y paralizan las fuentes industriales correspondientes a Grandes Establecimientos que no cumplan con la reducci\u00f3n de sus metas anuales.\u00a0<\/span><span data-ccp-props=\"{&quot;201341983&quot;:0,&quot;335551550&quot;:6,&quot;335551620&quot;:6,&quot;335559738&quot;:240,&quot;335559739&quot;:240,&quot;335559740&quot;:240}\">\u00a0<\/span><\/p>\n<p><span data-contrast=\"auto\">El universo de los Grandes Establecimientos Industriales corresponde a\u00a055\u00a0empresas \u2013equivalentes a m\u00e1s de 828\u00a0fuentes estacionarias que corresponden a calderas, hornos panaderos y procesos con y sin combusti\u00f3n\u2013, y el listado est\u00e1 publicado en el sitio web del Ministerio del Medio Ambiente:\u00a0<\/span><a href=\"https:\/\/mma.gob.cl\/listado-de-grandes-establecimientos-en-la-rm\/\"><span data-contrast=\"none\">https:\/\/mma.gob.cl\/listado-de-grandes-establecimientos-en-la-rm\/<\/span><\/a><span data-ccp-props=\"{&quot;201341983&quot;:0,&quot;335551550&quot;:6,&quot;335551620&quot;:6,&quot;335557856&quot;:16777215,&quot;335559738&quot;:240,&quot;335559739&quot;:240,&quot;335559740&quot;:240}\">\u00a0<\/span><\/p>\n<p><span data-contrast=\"auto\">La Fiscalizaci\u00f3n la realiza la Superintendencia del Medio Ambiente (SMA) y para la GEC 2026\u202fconstataron que\u202f50 grandes establecimientos han verificado la reducci\u00f3n\u00a0de\u00a0sus\u00a0emisiones de MP,\u202fidentific\u00e1ndose<\/span><b><span data-contrast=\"auto\">\u202f<\/span><\/b><span data-contrast=\"auto\">5\u00a0grandes establecimientos\u202fque\u202fser\u00edan incorporados\u00a0en\u00a0el primer listado de paralizaci\u00f3n.<\/span><span data-ccp-props=\"{&quot;335551550&quot;:6,&quot;335551620&quot;:6}\">\u00a0<\/span><\/p>\n<p><span data-contrast=\"auto\">La Superintendenta del Medio Ambiente (s),\u00a0<\/span><b><span data-contrast=\"auto\">Claudia Pastore<\/span><\/b><span data-contrast=\"auto\">, explic\u00f3 que la SMA es el organismo encargado de liderar y coordinar las actividades de fiscalizaci\u00f3n en el marco del plan de descontaminaci\u00f3n de la RM, adem\u00e1s de fiscalizar a las industrias que tienen calderas y procesos con y sin combusti\u00f3n.\u00a0 \u201cComo Superintendencia tenemos un rol clave en la fiscalizaci\u00f3n y control de emisiones de los grandes establecimientos, en la l\u00ednea de verificar el cumplimiento de las metas de reducci\u00f3n de emisiones a las que est\u00e1n sujetos, entre ellas, material particulado, di\u00f3xido de azufre y \u00f3xidos de nitr\u00f3geno. A ese trabajo se suma un fuerte trabajo preventivo que realiza la instituci\u00f3n a fin de evitar incumplimientos por parte de los titulares\u201d, se\u00f1al\u00f3 la autoridad.<\/span><span data-ccp-props=\"{&quot;335551550&quot;:6,&quot;335551620&quot;:6}\">\u00a0<\/span><\/p>\n<p><span data-contrast=\"auto\">Las multas por incumplimiento de paralizaci\u00f3n de grandes establecimientos oscilan entre 1 Unidad Tributaria Anual (UTA) y 10.000 UTA.\u00a0<\/span><\/p>\n<h2><b><span data-contrast=\"auto\">Detalle Medidas GEC<\/span><\/b><span data-ccp-props=\"{&quot;201341983&quot;:0,&quot;335551550&quot;:6,&quot;335551620&quot;:6,&quot;335559740&quot;:240}\">\u00a0<\/span><\/h2>\n<p><b><span data-contrast=\"none\">Exenciones\u00a0Restricci\u00f3n Vehicular<\/span><\/b><span data-ccp-props=\"{&quot;201341983&quot;:0,&quot;335551550&quot;:6,&quot;335551620&quot;:6,&quot;335559738&quot;:240,&quot;335559739&quot;:240,&quot;335559740&quot;:240}\">\u00a0<\/span><\/p>\n<p><span data-contrast=\"none\">Quedan exceptuados veh\u00edculos de Carabineros, PDI, Bomberos, Gendarmer\u00eda, ambulancias, fiscalizaci\u00f3n, municipales con funciones policiales, estatales (seg\u00fan D.L. 799), transporte p\u00fablico urbano, diplom\u00e1ticos, escolares autorizados, funerarios, TV con equipos de transmisi\u00f3n, el\u00e9ctricos o h\u00edbridos, a gas con revisi\u00f3n vigente, recolectores de basura, y servicios m\u00e9dicos o de emergencia.\u00a0<\/span><span data-ccp-props=\"{&quot;201341983&quot;:0,&quot;335551550&quot;:6,&quot;335551620&quot;:6,&quot;335559740&quot;:240}\">\u00a0<\/span><\/p>\n<p><span data-contrast=\"none\">Tambi\u00e9n se excluyen veh\u00edculos de personas con discapacidad, enfermedades cr\u00f3nicas o TEA, siempre que cuenten con credencial o certificado m\u00e9dico que acredite la condici\u00f3n, y en estos casos se requerir\u00e1 autorizaci\u00f3n previa de la Seremi de Transportes para circular.<\/span><span data-ccp-props=\"{&quot;201341983&quot;:0,&quot;335551550&quot;:6,&quot;335551620&quot;:6,&quot;335559740&quot;:240}\">\u00a0<\/span><\/p>\n<p><span data-contrast=\"none\">Para el periodo 2026\u00a0se\u00a0mantiene el\u00a0tr\u00e1mite de exenci\u00f3n\u00a0digital a trav\u00e9s de la plataforma,\u00a0<\/span><a href=\"https:\/\/cerofilas.subtrans.gob.cl\/\"><span data-contrast=\"none\">https:\/\/cerofilas.subtrans.gob.cl\/<\/span><\/a><span data-contrast=\"none\">\u00a0para personas naturales. En tanto, las personas jur\u00eddicas deber\u00e1n realizar el tr\u00e1mite a trav\u00e9s del correo\u00a0<\/span><a href=\"mailto:ofiparteseremitrm@mtt.gob.cl\"><span data-contrast=\"none\">ofiparteseremitrm@mtt.gob.cl<\/span><\/a><span data-contrast=\"none\">, lo mismo los casos excepcionales.<\/span><span data-ccp-props=\"{&quot;201341983&quot;:0,&quot;335551550&quot;:6,&quot;335551620&quot;:6,&quot;335559740&quot;:240}\">\u00a0<\/span><\/p>\n<p><b><span data-contrast=\"none\">Recomendaciones Actividades F\u00edsicas en Establecimientos Educacionales<\/span><\/b><span data-ccp-props=\"{&quot;134233117&quot;:false,&quot;134233118&quot;:false,&quot;201341983&quot;:0,&quot;335551550&quot;:6,&quot;335551620&quot;:6,&quot;335559738&quot;:0,&quot;335559739&quot;:0,&quot;335559740&quot;:240}\">\u00a0<\/span><\/p>\n<p><b><span data-contrast=\"none\">Alerta Ambiental<\/span><\/b><span data-ccp-props=\"{&quot;134233117&quot;:false,&quot;134233118&quot;:false,&quot;201341983&quot;:0,&quot;335551550&quot;:6,&quot;335551620&quot;:6,&quot;335559738&quot;:0,&quot;335559739&quot;:0,&quot;335559740&quot;:240}\">\u00a0<\/span><\/p>\n<p><span data-contrast=\"none\">En los d\u00edas de Alerta Ambiental, las clases de Educaci\u00f3n F\u00edsica no se suspendan, sino que se modifique la intensidad de sus actividades, evitando esfuerzos de alta exigencia y abordando aquellos objetivos de aprendizaje y contenidos que no requieran un mayor consumo de ox\u00edgeno, idealmente realiz\u00e1ndolas bajo techo.\u00a0<\/span><span data-ccp-props=\"{&quot;134233117&quot;:false,&quot;134233118&quot;:false,&quot;201341983&quot;:0,&quot;335551550&quot;:6,&quot;335551620&quot;:6,&quot;335559738&quot;:0,&quot;335559739&quot;:0,&quot;335559740&quot;:240}\">\u00a0<\/span><\/p>\n<p><b><span data-contrast=\"none\">Preemergencia Ambiental<\/span><\/b><span data-ccp-props=\"{&quot;134233117&quot;:false,&quot;134233118&quot;:false,&quot;201341983&quot;:0,&quot;335551550&quot;:6,&quot;335551620&quot;:6,&quot;335559738&quot;:0,&quot;335559739&quot;:0,&quot;335559740&quot;:240}\">\u00a0<\/span><\/p>\n<p><span data-contrast=\"none\">En los d\u00edas de Preemergencia Ambiental, se recomienda que las clases de Educaci\u00f3n F\u00edsica no se suspendan, sino que restrinjan la intensidad de su ejecuci\u00f3n, abordando aquellos objetivos de aprendizaje que impliquen un menor esfuerzo f\u00edsico y un menor desplazamiento, tales como actividades de equilibrio, estabilidad, ejercicios funcionales y de manipulaci\u00f3n, entre otros.\u00a0<\/span><span data-ccp-props=\"{&quot;134233117&quot;:false,&quot;134233118&quot;:false,&quot;201341983&quot;:0,&quot;335551550&quot;:6,&quot;335551620&quot;:6,&quot;335559738&quot;:0,&quot;335559739&quot;:0,&quot;335559740&quot;:240}\">\u00a0<\/span><\/p>\n<p><b><span data-contrast=\"none\">Emergencia Ambiental<\/span><\/b><span data-ccp-props=\"{&quot;134233117&quot;:false,&quot;134233118&quot;:false,&quot;201341983&quot;:0,&quot;335551550&quot;:6,&quot;335551620&quot;:6,&quot;335559738&quot;:0,&quot;335559739&quot;:0,&quot;335559740&quot;:240}\">\u00a0<\/span><\/p>\n<p><span data-contrast=\"none\">Los d\u00edas de Emergencia Ambiental, se recomienda que las clases de Educaci\u00f3n F\u00edsica no se suspendan, sino que adapten su contenido e intensidad, abordando aquellos objetivos de aprendizaje que impliquen un m\u00ednimo de esfuerzo f\u00edsico y baja exigencia cardiovascular, tales como h\u00e1bitos postulares, actividades de motricidad fina y coordinaci\u00f3n, entre otros. Estas actividades deben realizarse bajo techo, en una sala de clases, u otro espacio cerrado similar.<\/span><span data-ccp-props=\"{&quot;134233117&quot;:false,&quot;134233118&quot;:false,&quot;201341983&quot;:0,&quot;335551550&quot;:6,&quot;335551620&quot;:6,&quot;335559738&quot;:0,&quot;335559739&quot;:0,&quot;335559740&quot;:240}\">\u00a0<\/span><\/p>\n<p>Revisa ac\u00e1 el listado de grandes establecimientos que deben paralizar.<\/p>\n","protected":false},"excerpt":{"rendered":"<p>La\u00a0ministra del Medio Ambiente,\u00a0Francisca Toledo,\u00a0el\u00a0Delegado\u00a0Presidencial RM,\u00a0Germ\u00e1n Codina,\u00a0la\u00a0Superintendenta\u00a0del Medio Ambiente (s) Claudia Pastore,\u00a0junto a\u00a0los seremis metropolitanos y los servicios fiscalizadores de Transporte y CONAF,\u00a0dieron\u00a0inicio al periodo de Gesti\u00f3n de Episodios Cr\u00edticos para la Regi\u00f3n Metropolitana\u00a02026, que se extiende hasta el 31 de agosto.\u00a0\u00a0\u00a0 El Plan de Prevenci\u00f3n y Descontaminaci\u00f3n Atmosf\u00e9rica (PPDA) de Santiago establece que todos los <a href=\"https:\/\/portal.sma.gob.cl\/index.php\/autoridades-lanzan-gestion-de-episodios-criticos-gec-2026-para-enfrentar-la-mala-calidad-del-aire-en-la-region-metropolitana\/\">Leer m\u00e1s<\/a><\/p>\n","protected":false},"author":13,"featured_media":38277,"comment_status":"open","ping_status":"open","sticky":false,"template":"","format":"standard","meta":{"footnotes":""},"categories":[90],"tags":[],"class_list":["post-38274","post","type-post","status-publish","format-standard","has-post-thumbnail","hentry","category-comunicados-noticias"],"_links":{"self":[{"href":"https:\/\/portal.sma.gob.cl\/index.php\/wp-json\/wp\/v2\/posts\/38274","targetHints":{"allow":["GET"]}}],"collection":[{"href":"https:\/\/portal.sma.gob.cl\/index.php\/wp-json\/wp\/v2\/posts"}],"about":[{"href":"https:\/\/portal.sma.gob.cl\/index.php\/wp-json\/wp\/v2\/types\/post"}],"author":[{"embeddable":true,"href":"https:\/\/portal.sma.gob.cl\/index.php\/wp-json\/wp\/v2\/users\/13"}],"replies":[{"embeddable":true,"href":"https:\/\/portal.sma.gob.cl\/index.php\/wp-json\/wp\/v2\/comments?post=38274"}],"version-history":[{"count":1,"href":"https:\/\/portal.sma.gob.cl\/index.php\/wp-json\/wp\/v2\/posts\/38274\/revisions"}],"predecessor-version":[{"id":38282,"href":"https:\/\/portal.sma.gob.cl\/index.php\/wp-json\/wp\/v2\/posts\/38274\/revisions\/38282"}],"wp:featuredmedia":[{"embeddable":true,"href":"https:\/\/portal.sma.gob.cl\/index.php\/wp-json\/wp\/v2\/media\/38277"}],"wp:attachment":[{"href":"https:\/\/portal.sma.gob.cl\/index.php\/wp-json\/wp\/v2\/media?parent=38274"}],"wp:term":[{"taxonomy":"category","embeddable":true,"href":"https:\/\/portal.sma.gob.cl\/index.php\/wp-json\/wp\/v2\/categories?post=38274"},{"taxonomy":"post_tag","embeddable":true,"href":"https:\/\/portal.sma.gob.cl\/index.php\/wp-json\/wp\/v2\/tags?post=38274"}],"curies":[{"name":"wp","href":"https:\/\/api.w.org\/{rel}","templated":true}]}}