{"id":39612,"date":"2026-09-01T17:39:10","date_gmt":"2026-09-01T21:39:10","guid":{"rendered":"https:\/\/portal.sma.gob.cl\/?p=39612"},"modified":"2026-09-01T17:39:10","modified_gmt":"2026-09-01T21:39:10","slug":"emanuel-ibarra-asume-como-superintendente-del-medio-ambiente-y-aborda-agenda-institucional-y-legislativa-en-su-primer-dia-de-gestion","status":"publish","type":"post","link":"https:\/\/portal.sma.gob.cl\/index.php\/emanuel-ibarra-asume-como-superintendente-del-medio-ambiente-y-aborda-agenda-institucional-y-legislativa-en-su-primer-dia-de-gestion\/","title":{"rendered":"Emanuel Ibarra asume como Superintendente del Medio Ambiente y aborda agenda institucional y legislativa en su primer d\u00eda de gesti\u00f3n"},"content":{"rendered":"<ul>\n<li><strong><em>La autoridad inici\u00f3 sus funciones con reuniones junto a la Ministra Francisca Toledo, el Subsecretario Jos\u00e9 Vial y los equipos de la SMA, para luego asistir a la Comisi\u00f3n de Medio Ambiente del Senado por el proyecto de ley que modifica la LOSMA.<\/em><\/strong><\/li>\n<\/ul>\n<p>En el marco del inicio de sus funciones como Superintendente del Medio Ambiente, Emanuel Ibarra despleg\u00f3 una agenda de actividades en Santiago y Valpara\u00edso orientada a la coordinaci\u00f3n institucional y al seguimiento del proyecto de ley que reforma la Ley Org\u00e1nica de la Superintendencia del Medio Ambiente (LOSMA) y que se discute hoy en el Congreso.<\/p>\n<p>La jornada comenz\u00f3 en el Ministerio del Medio Ambiente (MMA) con el saludo protocolar a la Ministra del Medio Ambiente, Francisca Toledo, y al Subsecretario, Jos\u00e9 Vial. En la reuni\u00f3n se abordaron las l\u00edneas de trabajo y la coordinaci\u00f3n entre ambas instituciones para el cumplimiento de la normativa ambiental.<\/p>\n<p>Posteriormente, el Superintendente Ibarra se traslad\u00f3 a la sede central de la SMA, donde sostuvo una reuni\u00f3n virtual con las y los funcionarios del organismo a nivel nacional. En el encuentro expuso las prioridades de su gesti\u00f3n.<\/p>\n<p><em>&#8220;El principal valor de la Superintendencia est\u00e1 en las personas que la integran. Hoy comenzamos una nueva etapa, en la que queremos fortalecer ese trabajo y avanzar hacia una SMA m\u00e1s oportuna y eficiente en sus respuestas, con una fiscalizaci\u00f3n estrat\u00e9gica orientada al cumplimiento ambiental y cada vez m\u00e1s conectada con las necesidades de los territorios. Tenemos grandes desaf\u00edos por delante y estoy convencido de que podemos llevar a la Superintendencia a un nuevo nivel de desarrollo institucional&#8221;<\/em>, destac\u00f3 la autoridad durante el encuentro.<\/p>\n<p>&nbsp;<\/p>\n<p><strong>Asistencia a la Comisi\u00f3n de Medio Ambiente del Senado<\/strong><\/p>\n<p>Luego, la autoridad se traslad\u00f3 al Congreso Nacional en la ciudad de Valpara\u00edso para asistir a la Comisi\u00f3n de Medio Ambiente y Bienes Nacionales del Senado. En la sesi\u00f3n se trataron las indicaciones del proyecto de ley que modifica la Ley Org\u00e1nica de la Superintendencia del Medio Ambiente (LOSMA), el cual busca fortalecer las facultades de fiscalizaci\u00f3n y sanci\u00f3n del organismo.<\/p>\n<p><em>&#8220;Asumimos este cargo con el compromiso de velar por el cumplimiento de la normativa ambiental. La coordinaci\u00f3n con el Ministerio del Medio Ambiente y el avance del proyecto de ley de la LOSMA son aspectos centrales para el trabajo de la instituci\u00f3n&#8221;<\/em>, se\u00f1al\u00f3 el Superintendente Ibarra.<\/p>\n<p>&nbsp;<\/p>\n<p><strong>Coordinaciones Internas<\/strong><\/p>\n<p>Durante la tarde, la agenda continu\u00f3 en el Nivel Central de la instituci\u00f3n con reuniones de trabajo junto a diferentes jefaturas, adem\u00e1s de concretar la reuni\u00f3n de traspaso de gesti\u00f3n con la administraci\u00f3n que estuvo subrogando desde marzo hasta la fecha, previo a su nombramiento. Asimismo, el jefe del Servicio se reuni\u00f3 con la directiva de la Asociaci\u00f3n de Funcionarios de la SMA (ASUMA) para conocer los ejes rectores que guiar\u00e1n la gesti\u00f3n gremial 2026-2027 reci\u00e9n asumida, as\u00ed como tambi\u00e9n para transmitir los principales desaf\u00edos institucionales.<\/p>\n","protected":false},"excerpt":{"rendered":"<p>La autoridad inici\u00f3 sus funciones con reuniones junto a la Ministra Francisca Toledo, el Subsecretario Jos\u00e9 Vial y los equipos de la SMA, para luego asistir a la Comisi\u00f3n de Medio Ambiente del Senado por el proyecto de ley que modifica la LOSMA. En el marco del inicio de sus funciones como Superintendente del Medio Ambiente, <a href=\"https:\/\/portal.sma.gob.cl\/index.php\/emanuel-ibarra-asume-como-superintendente-del-medio-ambiente-y-aborda-agenda-institucional-y-legislativa-en-su-primer-dia-de-gestion\/\">Leer m\u00e1s<\/a><\/p>\n","protected":false},"author":8,"featured_media":39614,"comment_status":"open","ping_status":"open","sticky":false,"template":"","format":"standard","meta":{"footnotes":""},"categories":[90,107,225,232],"tags":[],"class_list":["post-39612","post","type-post","status-publish","format-standard","has-post-thumbnail","hentry","category-comunicados-noticias","category-destacado","category-macrozona-centro","category-metropolitana"],"_links":{"self":[{"href":"https:\/\/portal.sma.gob.cl\/index.php\/wp-json\/wp\/v2\/posts\/39612","targetHints":{"allow":["GET"]}}],"collection":[{"href":"https:\/\/portal.sma.gob.cl\/index.php\/wp-json\/wp\/v2\/posts"}],"about":[{"href":"https:\/\/portal.sma.gob.cl\/index.php\/wp-json\/wp\/v2\/types\/post"}],"author":[{"embeddable":true,"href":"https:\/\/portal.sma.gob.cl\/index.php\/wp-json\/wp\/v2\/users\/8"}],"replies":[{"embeddable":true,"href":"https:\/\/portal.sma.gob.cl\/index.php\/wp-json\/wp\/v2\/comments?post=39612"}],"version-history":[{"count":1,"href":"https:\/\/portal.sma.gob.cl\/index.php\/wp-json\/wp\/v2\/posts\/39612\/revisions"}],"predecessor-version":[{"id":39613,"href":"https:\/\/portal.sma.gob.cl\/index.php\/wp-json\/wp\/v2\/posts\/39612\/revisions\/39613"}],"wp:featuredmedia":[{"embeddable":true,"href":"https:\/\/portal.sma.gob.cl\/index.php\/wp-json\/wp\/v2\/media\/39614"}],"wp:attachment":[{"href":"https:\/\/portal.sma.gob.cl\/index.php\/wp-json\/wp\/v2\/media?parent=39612"}],"wp:term":[{"taxonomy":"category","embeddable":true,"href":"https:\/\/portal.sma.gob.cl\/index.php\/wp-json\/wp\/v2\/categories?post=39612"},{"taxonomy":"post_tag","embeddable":true,"href":"https:\/\/portal.sma.gob.cl\/index.php\/wp-json\/wp\/v2\/tags?post=39612"}],"curies":[{"name":"wp","href":"https:\/\/api.w.org\/{rel}","templated":true}]}}