{"id":39630,"date":"2026-09-02T15:33:54","date_gmt":"2026-09-02T19:33:54","guid":{"rendered":"https:\/\/portal.sma.gob.cl\/?p=39630"},"modified":"2026-09-02T15:33:54","modified_gmt":"2026-09-02T19:33:54","slug":"santiago-registra-su-tercer-mejor-invierno-en-calidad-del-aire-desde-que-existe-el-plan-de-descontaminacion","status":"publish","type":"post","link":"https:\/\/portal.sma.gob.cl\/index.php\/santiago-registra-su-tercer-mejor-invierno-en-calidad-del-aire-desde-que-existe-el-plan-de-descontaminacion\/","title":{"rendered":"Santiago registra su tercer mejor invierno en Calidad del Aire desde que existe el Plan de Descontaminaci\u00f3n"},"content":{"rendered":"<ul>\n<li><strong><em>En una d\u00e9cada, la exposici\u00f3n de la poblaci\u00f3n a altos niveles de contaminaci\u00f3n por Material Particulado Fino (MP2,5) disminuy\u00f3 un 69% en la capital. Autoridades explican los resultados por la combinaci\u00f3n entre las medidas de fiscalizaci\u00f3n y las favorables condiciones meteorol\u00f3gicas registradas en los meses de julio y agosto.<\/em><\/strong><\/li>\n<li><strong><em>Respecto de las fiscalizaciones al sector industrial, la Superintendencia del Medio Ambiente, constat\u00f3 que el 100% de los grandes establecimientos regulados -55 titulares y 75 establecimientos, que en conjunto re\u00fanen 832 fuentes estacionarias- cumplieron con su meta anual establecida para 2025.<\/em><\/strong><\/li>\n<\/ul>\n<p>Este 2026 se posicion\u00f3 como el tercer a\u00f1o con menor cantidad de horas en episodios cr\u00edticos -alertas, preemergencias o emergencias- en la Regi\u00f3n Metropolitana, desde que comenz\u00f3 a operar el primer Plan de Prevenci\u00f3n y Descontaminaci\u00f3n Atmosf\u00e9rica (PPDA), que data de 1997, mostrando una tendencia sostenida a la baja. De hecho, en los \u00faltimos diez a\u00f1os, las horas en que las personas estuvieron expuestas a niveles altos de contaminaci\u00f3n por Material Particulado Fino (MP2,5) disminuyeron un 69% en el per\u00edodo de peores condiciones de ventilaci\u00f3n en la capital.<\/p>\n<p>As\u00ed lo dio a conocer la ministra del Medio Ambiente, <strong>Francisca Toledo<\/strong>, junto al superintendente del Medio Ambiente, <strong>Emanuel Ibarra<\/strong>, y los seremis metropolitanos de Medio Ambiente, Salud, Transportes, Agricultura y Educaci\u00f3n, durante la ceremonia de cierre de la Gesti\u00f3n de Episodios Cr\u00edticos (GEC) 2026 per\u00edodo, que se extiende entre el 1 de mayo y el 31 de agosto de cada a\u00f1o, y que permite tomar medidas para reducir la contaminaci\u00f3n al declarar alerta, preemergencia o emergencia ambiental.<\/p>\n<p><em>\u201cSi consideramos solo el material particulado fino, el contaminante de mayor impacto en la salud de las personas, \u00e9ste fue el tercer mejor a\u00f1o en calidad del aire desde que se tiene registro, solo superado por el 2020 \u2013en plena pandemia\u2013 y el 2023. Dicho en simple, hubo menos tiempo en que nos enfrentamos a mayores niveles de contaminaci\u00f3n en la Regi\u00f3n Metropolitana\u201d, explic\u00f3 la ministra Toledo.<\/em><\/p>\n<p>Durante el periodo GEC 2026, la Regi\u00f3n Metropolitana registr\u00f3 21 episodios cr\u00edticos: 3 preemergencias y 18 alertas ambientales por MP2.5, y estuvimos 282 horas en episodios cr\u00edticos en este periodo de mala ventilaci\u00f3n.<\/p>\n<p>En este contexto, la ministra Toledo se\u00f1al\u00f3 que<em> \u201clas medidas estructurales del plan, junto con las acciones de car\u00e1cter preventivo en el per\u00edodo GEC, han permitido una disminuci\u00f3n sostenida de las horas de exposici\u00f3n a mala calidad del aire. Si comparamos el 2015 \u2013cuando se registraron 915 horas en episodio cr\u00edtico por MP2,5\u2013 con el 2026, se evidencia una disminuci\u00f3n del 69% de la contaminaci\u00f3n por material particulado fino\u201d.<\/em><\/p>\n<p>Los resultados de este a\u00f1o se explican por la combinaci\u00f3n de dos factores: por un lado, las medidas del Plan de Descontaminaci\u00f3n y el trabajo de fiscalizaci\u00f3n de los distintos servicios p\u00fablicos y, por otro, las condiciones meteorol\u00f3gicas registradas durante la temporada.<\/p>\n<p>Mayo y junio fueron especialmente secos, con d\u00e9ficits de precipitaci\u00f3n de 90% y 99% respecto de un a\u00f1o normal, lo que concentr\u00f3 un mayor n\u00famero de episodios en esos meses. En julio y agosto, en cambio, las condiciones cambiaron: julio registr\u00f3 un super\u00e1vit de lluvias de 210% respecto de lo normal y agosto se comport\u00f3 de manera similar a un a\u00f1o normal, lo que se sum\u00f3 al trabajo de fiscalizaci\u00f3n para cerrar la temporada con un buen resultado. Al 31 de agosto se registraron 60 d\u00edas en categor\u00eda BUENO para MP2,5, el valor m\u00e1s alto de toda la serie hist\u00f3rica analizada (2015-2026).<\/p>\n<p>En la actividad de cierre GEC, realizada en el Ministerio de Hacienda, participaron tambi\u00e9n el seremi del Medio Ambiente de la Regi\u00f3n Metropolitana, <strong>Gonzalo Cruces<\/strong>; el seremi de Transportes RM, <strong>Gonzalo Cuevas;<\/strong> la seremi de Salud RM, <strong>P\u00eda Venegas<\/strong>; el seremi de Agricultura RM, <strong>Fernando Rencoret<\/strong>; la seremi de Educaci\u00f3n, <strong>Stefanie Wenderoth;<\/strong> y una delegaci\u00f3n de fiscalizadores de Salud, Transportes y CONAF.<\/p>\n<p><strong>Fiscalizaci\u00f3n GEC 2026<\/strong><\/p>\n<p>Respecto de las fiscalizaciones al sector industrial, el superintendente del Medio Ambiente, <strong>Emanuel Ibarra<\/strong>, indic\u00f3 que este a\u00f1o se verific\u00f3 que el 100% de los grandes establecimientos regulados -55 titulares y 75 establecimientos, que en conjunto re\u00fanen 832 fuentes estacionarias- cumpli\u00f3 con su meta anual establecida para 2025, adem\u00e1s que, como Superintendencia del Medio Ambiente,\u00a0 se ha mantenido un permanente e intensivo seguimiento a las fuentes emisoras de la Regi\u00f3n Metropolitana, abarcando el control de m\u00e1s de 4.000 fuentes estacionarias correspondientes a alrededor de 1.400 establecimientos industriales y comerciales.<\/p>\n<p>\u201c<em>El seguimiento ha sido realizado principalmente a trav\u00e9s de nuestro sistema SISAT, logrando que el 100% de los grandes establecimientos industriales de la capital, cumpliera con sus metas anuales de reducci\u00f3n de emisiones de material particulado<\/em>\u201d, sostuvo la autoridad, a lo que agreg\u00f3: \u201c<em>pasamos de tener cinco grandes industrias con orden de paralizaci\u00f3n al inicio de la temporada, a cerrar el periodo con la totalidad de los grandes establecimientos industriales en regla. Adem\u00e1s, en cada jornada de preemergencia ambiental estuvimos en terreno fiscalizando, constatando que el acatamiento a las \u00f3rdenes de paralizaci\u00f3n fue total. Esto demuestra el compromiso de los regulados con el cumplimiento de sus obligaciones ambientales, el resguardo de la salud de las personas y la calidad del aire de la cuenca de Santiago<\/em>&#8220;.<\/p>\n<p>En materia de restricci\u00f3n vehicular, entre el 1 de mayo y el 24 de agosto se cursaron m\u00e1s de 135 mil citaciones mediante el sistema automatizado de c\u00e1maras y 626 citaciones en terreno. El Seremi de Transportes, <strong>Gonzalo Cuevas<\/strong>, indic\u00f3 que estas cifras muestran un leve descenso respecto de a\u00f1os anteriores: en 2025 se cursaron m\u00e1s de 138 mil citaciones automatizadas y 607 en terreno, mientras que en 2024 la cifra lleg\u00f3 a m\u00e1s de 163 mil y 556, respectivamente. \u201c<em>Queremos destacar el trabajo de la Divisi\u00f3n de Fiscalizaci\u00f3n de Transportes, ya que gracias a su gesti\u00f3n y compromiso se logra hacer valer la normativa, en este caso ambiental, permitiendo a todos los habitantes de la Regi\u00f3n Metropolitana respirar un aire de mejor calidad durante este invierno<\/em>\u201d, expres\u00f3 el Seremi Cuevas.<\/p>\n<p>Sobre los operativos de fiscalizaci\u00f3n por el uso de Calefactores a Le\u00f1a, la Seremi de Salud RM, <strong>P\u00eda Venegas<\/strong>, se\u00f1al\u00f3 que la instituci\u00f3n realiz\u00f3 566 fiscalizaciones a hogares de la regi\u00f3n, que derivaron en 44 sumarios sanitarios por incumplimiento de la medida, una cifra que se mantiene muy por debajo de la registrada en a\u00f1os como 2022 (379) y 2024 (290). \u201c<em>Esto se explica por una parte por un mayor compromiso ciudadano, y a una mayor eficiencia del servicio ya que este a\u00f1o se incrementaron en un 16% en los patrullajes preventivos en sectores residenciales que permitieron identificar humos visibles e infracciones flagrantes desde la v\u00eda p\u00fablica<\/em>\u201d, expres\u00f3 la Seremi de Salud, indicando adem\u00e1s que \u201c<em>Los patrullajes nos permitieron tambi\u00e9n conocer mejor d\u00f3nde persisten las conductas que afectan la calidad del aire. En este. Sentido, Buin y Lampa concentraron 21 de los 44 sumarios cursados durante esta GEC, equivalentes al 47,7% del total regional<\/em>\u201d.<\/p>\n<p>En cuanto a las quemas agr\u00edcolas, el Seremi de Agricultura, <strong>Fernando Rencoret<\/strong>, informo que los equipos de CONAF -entre el 1 de abril y el 27 de agosto- realizaron 157 acciones de fiscalizaci\u00f3n y prevenci\u00f3n en la Regi\u00f3n Metropolitana, con despliegue en 6 provincias \u2013siendo la Provincia de Melipilla la que concentr\u00f3 una mayor cantidad de registros. La superficie afectada lleg\u00f3 a 1,23 hect\u00e1reas, el doble de lo registrado en 2025 (0,64 hect\u00e1reas). La autoridad se\u00f1al\u00f3: &#8220;<em>a trav\u00e9s de CONAF y el SAG RM nos encargamos de gestionar las denuncias por este tema, adem\u00e1s de fiscalizar junto a la Superintendencia del Medio Ambiente (SMA) la calidad de la le\u00f1a que se comercializa en las provincias rurales de la capital, donde los infractores se exponen a multas que oscilan entre 1 y 70 UTM. Esto es clave ya que, a contar de noviembre del a\u00f1o 2026, las quemas agr\u00edcolas estar\u00e1n prohibidas los 365 d\u00edas del a\u00f1o en toda la RM. En ese contexto, reforzaremos alternativas al uso del fuego \u2014como el empleo de chipeadoras, lombricompostaje y reincorporaci\u00f3n de residuos al suelo\u2014, entregando toda nuestra asesor\u00eda como cartera ministerial para que los agricultores de la regi\u00f3n puedan poner en pr\u00e1ctica estas opciones<\/em>&#8220;.<\/p>\n","protected":false},"excerpt":{"rendered":"<p>En una d\u00e9cada, la exposici\u00f3n de la poblaci\u00f3n a altos niveles de contaminaci\u00f3n por Material Particulado Fino (MP2,5) disminuy\u00f3 un 69% en la capital. Autoridades explican los resultados por la combinaci\u00f3n entre las medidas de fiscalizaci\u00f3n y las favorables condiciones meteorol\u00f3gicas registradas en los meses de julio y agosto. Respecto de las fiscalizaciones al sector industrial, <a href=\"https:\/\/portal.sma.gob.cl\/index.php\/santiago-registra-su-tercer-mejor-invierno-en-calidad-del-aire-desde-que-existe-el-plan-de-descontaminacion\/\">Leer m\u00e1s<\/a><\/p>\n","protected":false},"author":8,"featured_media":39627,"comment_status":"open","ping_status":"open","sticky":false,"template":"","format":"standard","meta":{"footnotes":""},"categories":[90,107,225,232],"tags":[],"class_list":["post-39630","post","type-post","status-publish","format-standard","has-post-thumbnail","hentry","category-comunicados-noticias","category-destacado","category-macrozona-centro","category-metropolitana"],"_links":{"self":[{"href":"https:\/\/portal.sma.gob.cl\/index.php\/wp-json\/wp\/v2\/posts\/39630","targetHints":{"allow":["GET"]}}],"collection":[{"href":"https:\/\/portal.sma.gob.cl\/index.php\/wp-json\/wp\/v2\/posts"}],"about":[{"href":"https:\/\/portal.sma.gob.cl\/index.php\/wp-json\/wp\/v2\/types\/post"}],"author":[{"embeddable":true,"href":"https:\/\/portal.sma.gob.cl\/index.php\/wp-json\/wp\/v2\/users\/8"}],"replies":[{"embeddable":true,"href":"https:\/\/portal.sma.gob.cl\/index.php\/wp-json\/wp\/v2\/comments?post=39630"}],"version-history":[{"count":1,"href":"https:\/\/portal.sma.gob.cl\/index.php\/wp-json\/wp\/v2\/posts\/39630\/revisions"}],"predecessor-version":[{"id":39631,"href":"https:\/\/portal.sma.gob.cl\/index.php\/wp-json\/wp\/v2\/posts\/39630\/revisions\/39631"}],"wp:featuredmedia":[{"embeddable":true,"href":"https:\/\/portal.sma.gob.cl\/index.php\/wp-json\/wp\/v2\/media\/39627"}],"wp:attachment":[{"href":"https:\/\/portal.sma.gob.cl\/index.php\/wp-json\/wp\/v2\/media?parent=39630"}],"wp:term":[{"taxonomy":"category","embeddable":true,"href":"https:\/\/portal.sma.gob.cl\/index.php\/wp-json\/wp\/v2\/categories?post=39630"},{"taxonomy":"post_tag","embeddable":true,"href":"https:\/\/portal.sma.gob.cl\/index.php\/wp-json\/wp\/v2\/tags?post=39630"}],"curies":[{"name":"wp","href":"https:\/\/api.w.org\/{rel}","templated":true}]}}